{"id":20134,"date":"2019-10-23T10:00:20","date_gmt":"2019-10-23T08:00:20","guid":{"rendered":"https:\/\/www.diedruckerei.de\/magazin\/?p=18223"},"modified":"2025-04-28T14:28:48","modified_gmt":"2025-04-28T12:28:48","slug":"teckenstorlek","status":"publish","type":"post","link":"https:\/\/www.onlineprinters.se\/blogg\/teckenstorlek\/","title":{"rendered":"Multiplikationstabellen f\u00f6r liten teckenstorlek"},"content":{"rendered":"<p>Teckenstorleken p\u00e5verkar b\u00e5de l\u00e4sbarhet och texteffekt lika mycket. Men vad \u00e4r teckenstorlek exakt? Var m\u00e4ts det och varf\u00f6r \u00e4r bokst\u00e4verna i Times st\u00f6rre \u00e4n bokst\u00e4verna i engelsk skrivstil, \u00e4ven om exakt samma teckenstorlek anv\u00e4nts.<!--more--><\/p>\n<p>Fortfarande cirkulerar p\u00e5 Internet speciellt f\u00f6r studenter, men \u00e4ven f\u00f6r andra m\u00e5lgrupper allm\u00e4nna regler f\u00f6r teckenstorlek. S\u00e5 vissa universitet kr\u00e4ver fortfarande avhandlingen i 12 punkter, eventuellt i Times New Roman, och man undrar vem som egentligen skulle vilja l\u00e4sa det. Os\u00e4kerheten \u00e4r inte en slump, det finns knappt n\u00e5gra sammanfattande och samtidigt f\u00f6rst\u00e5eliga riktlinjer, n\u00e4r det g\u00e4ller teckenstorlek. Dags att ta ljuset in i m\u00f6rkret.<\/p>\n<h2>Typografiska m\u00e4tsystem<\/h2>\n<p>Vid skriftarbete arbetar man inte med det metriska utan det typografiska m\u00e4tsystemet. Vi m\u00e4ter och definierar allts\u00e5 inte i meter och millimeter, utan genom all historia med den minsta, och d\u00e4rf\u00f6r ocks\u00e5 mycket b\u00e4ttre l\u00e4mpade grafiska enheten, <strong>punkten<\/strong>. Under \u00e5ren och \u00e5rhundraden anv\u00e4ndes h\u00e4r ocks\u00e5 olika storlekar; under m\u00e5nga \u00e5r var Didot Point, en vidareutveckling av Fournier-punkten, standard i den typografiska v\u00e4rlden. Med sin storlek p\u00e5 0,375\u00a0mm var den n\u00e5got st\u00f6rre \u00e4n den nu aktuella PostScript- eller DTP-punkten, som \u00e4r p\u00e5 <strong>0,353\u00a0mm<\/strong>. S\u00e5 om du anger en teckenstorlek p\u00e5 10 punkter i Microsoft Word eller Adobe InDesign, blir din teckenstorlek 3,53\u00a0mm, i verkligheten.<\/p>\n<h2>Vad \u00e4r teckenstorlek?<\/h2>\n<p>L\u00e5t oss f\u00f6rst definiera termen teckenstorlek eller fontstorlek. Str\u00e4ngt taget \u00e4r detta vilseledande, f\u00f6r varken i InDesign eller i Word eller liknande definieras teckenstorlek med punktinmatning i inmatningsf\u00e4ltet &#8221;<em>Teckenstorlek<\/em>&#8221; \u2013 i st\u00e4llet best\u00e4mmer vi k\u00e4gelns storlek. Teckensnittet \u00e4r en kubformad metallk\u00e4gel av en kast ur blysatsen. P\u00e5 den \u00f6vre delen sitter ett spegelv\u00e4nt och upph\u00f6jt tecken som ska tryckas, sj\u00e4lva typsnittet; runt och bredvid \u00e4r mer eller mindre &#8221;luft&#8221;, allts\u00e5 ett omr\u00e5de som inte trycks, \u00e4ven kallat k\u00f6tt eller stans.<\/p>\n<figure id=\"attachment_18238\" aria-describedby=\"caption-attachment-18238\" style=\"width: 420px\" class=\"wp-caption alignnone\"><img loading=\"lazy\" decoding=\"async\" class=\"wp-image-18238 \" src=\"https:\/\/www.onlineprinters.se\/blogg\/wp-content\/uploads\/2019\/10\/Die-Schriftgr\u00f6\u00dfe_Bleikegel_EN.jpg\" alt=\"En n\u00e4rbild av ett enda metallblock av boktryckstyp med bokstaven G upph\u00f6jd p\u00e5 toppen, st\u00e5ende uppr\u00e4tt p\u00e5 en vit yta.\" width=\"420\" height=\"530\" \/><figcaption id=\"caption-attachment-18238\" class=\"wp-caption-text\">Blyk\u00e4gel fr\u00e5n tiden med blysatser<\/figcaption><\/figure>\n<p>N\u00e4r Gutenberg satte en 12-punkts teckenstorlek, hade k\u00e4geln och inte den m\u00e4tbara tryckta bokstaven en storlek p\u00e5 12 punkter. S\u00e5ledes \u00e4r k\u00e4gelstorleken vanligtvis alltid st\u00f6rre \u00e4n sj\u00e4lva typsnittet.<\/p>\n<p>Vi heter vi ju dessb\u00e4ttre inte Johannes Gutenberg och lyckligtvis beh\u00f6ver vi inte b\u00e4ra omkring n\u00e5gra kastl\u00e5dor. I tider med digitala typsnitt anv\u00e4nds s\u00e5ledes inte l\u00e4ngre en fysisk k\u00e4gel. Icke desto mindre fortlever begreppet och s\u00e4rskilt betydelsen av en teckenk\u00e4gel i teckensnittdesignen, d\u00e5 den som i InDesign definierar en teckenstorlek p\u00e5 12 punkter, fastst\u00e4ller exakt denna k\u00e4gelstorlek.<\/p>\n<figure id=\"attachment_18225\" aria-describedby=\"caption-attachment-18225\" style=\"width: 704px\" class=\"wp-caption alignnone\"><img loading=\"lazy\" decoding=\"async\" class=\"size-full wp-image-18225\" src=\"https:\/\/www.onlineprinters.se\/blogg\/wp-content\/uploads\/2019\/10\/Die-Schriftgr\u00f6\u00dfe_InDesign_EN.jpeg\" alt=\"Sk\u00e4rmdump av ett designprogramvarugr\u00e4nssnitt som visar texten Mhfg i fet svart font och 12 punkter i ljusgr\u00e5 kursiv font, med linjaler och verktygsf\u00e4lt synliga \u00f6verst.\" width=\"704\" height=\"385\" \/><figcaption id=\"caption-attachment-18225\" class=\"wp-caption-text\">PT Sans, definierat i InDesign med 12 punkter; uppvisar det gr\u00e5 omr\u00e5det bakom teckensnittet en h\u00f6jd p\u00e5 12 punkter, dvs. 4,233\u00a0mm, och symboliserar k\u00e4gelstorleken.<\/figcaption><\/figure>\n<h2>Olika m\u00e4tresultat<\/h2>\n<p>Nu kan man utg\u00e5 ifr\u00e5n, att helt enkelt t\u00e4nka bort l\u00e5t oss s\u00e4ga 15 procent &#8221;k\u00f6tt\u201d vid varje teckensnitt, allts\u00e5 inte tryckande material runt typsnittet. Genom att ange 12 punkter skulle 15 procent f\u00f6r varje typsnitt ha en faktisk och m\u00e4tbar storlek p\u00e5 10,2 punkter. Men s\u00e5 \u00e4r det inte.<\/p>\n<p>Du k\u00e4nner s\u00e4kert till det: Tv\u00e5 teckensnitt satta i samma storlek vid sidan om varandra kan tyckas ha ungef\u00e4r samma storlek, men kan ocks\u00e5 ha tydliga storleksskillnader. Bortsett fr\u00e5n storlekseffekten, som ocks\u00e5 spelar en viktig roll, p\u00e5verkar anv\u00e4ndningen av k\u00e4geln avsev\u00e4rt den faktiska, m\u00e4tbara slutstorleken.<\/p>\n<p>Denna k\u00e4gelanv\u00e4ndning, det vill s\u00e4ga utformning av storleksf\u00f6rh\u00e5llanden och luft runt den, l\u00e4mnas \u00e5t varje typograf. Den som gillar att vara mer luftig som typograf, sk\u00e4r sitt teckensnitt med mycket k\u00f6tt; andra teckensnitt har ett stort k\u00e4gelutnyttjande &#8211; i tanken \u00f6verf\u00f6rt till blyk\u00e4geln &#8211; upp till k\u00e4gelkanten och till och med \u00f6ver.<\/p>\n<p>Ju mindre k\u00e4gelanv\u00e4ndning desto mindre \u00e4r den faktiska, m\u00e4tbara teckenstorleken; ju st\u00f6rre konanv\u00e4ndning, desto st\u00f6rre teckenstorlek.<\/p>\n<figure id=\"attachment_18231\" aria-describedby=\"caption-attachment-18231\" style=\"width: 774px\" class=\"wp-caption alignnone\"><img loading=\"lazy\" decoding=\"async\" class=\"size-full wp-image-18231\" src=\"https:\/\/www.onlineprinters.se\/blogg\/wp-content\/uploads\/2019\/10\/Die-Schriftgr\u00f6\u00dfe_Kegelausnutzung_EN.jpeg\" alt=\"Textprover av &quot;Mhfg&quot; och &quot;scrubble&quot; visas i olika typsnitt, inklusive Helvetica, PT Sans, Times, Avant Garde, ett handskrivet manus och en dj\u00e4rv, bedr\u00f6vad stil. Varje teckensnittsnamn listas bredvid dess exempel.\" width=\"774\" height=\"792\" \/><figcaption id=\"caption-attachment-18231\" class=\"wp-caption-text\">Teckensnitt anv\u00e4nder utrymmet f\u00f6r den teoretiskt tillg\u00e4ngliga k\u00e4geln p\u00e5 olika s\u00e4tt &#8211; ibland till och med s\u00e5, att det sticker ut \u00f6ver den liksom Scrubble.<\/figcaption><\/figure>\n<h2>Olika storlekseffekter<\/h2>\n<p>N\u00e4r vi fastst\u00e4ller en storlek och bed\u00f6mer den, f\u00e5r vi inte gl\u00f6mma effekten. Det finns teckensnitt, som inte bara har en identisk k\u00e4gelstorlek (vi skriver teckensnitten i 12 punkter), utan ocks\u00e5 en identisk, m\u00e4tbar teckenstorlek (vi anv\u00e4nder typm\u00e4taren f\u00f6r att m\u00e4ta en identisk storlek p\u00e5 versalerna). Och \u00e4nd\u00e5 verkar de olika stora och blir s\u00e4rskilt i sm\u00e5 storlekar olika l\u00e4ttl\u00e4st &#8211; s\u00e5 de skapar allts\u00e5 olika stora intryck. Vad beror det p\u00e5?<\/p>\n<p>En bokstav skapar m\u00e5nga olika sinnesf\u00f6rnimmelser; ett &#8221;p&#8221;, pekar exempelvis ner i k\u00e4llaren, ett &#8221;a&#8221; f\u00f6rblir i centrum, ett &#8221;b&#8221; str\u00e4cker sig upp mot himlen, ett &#8221;E&#8221; h\u00e5ller sig i mitten och uppe, ett &#8221;O&#8221; str\u00e4cker sig ytterligare ett stycke upp\u00e5t och stora bokst\u00e4ver med accenter \u00e4r vinnare i storlekst\u00e4vlingen. F\u00f6ljande \u00f6versikt ska illustrera detta:<\/p>\n<figure id=\"attachment_18228\" aria-describedby=\"caption-attachment-18228\" style=\"width: 696px\" class=\"wp-caption alignnone\"><img loading=\"lazy\" decoding=\"async\" class=\"size-large wp-image-18228\" src=\"https:\/\/www.onlineprinters.se\/blogg\/wp-content\/uploads\/2019\/10\/Die-Schriftgr\u00f6\u00dfe_Anatomie_EN.jpeg\" alt=\"Diagram \u00f6ver ordet &quot;Enzp&quot; i gr\u00e5tt, m\u00e4rkt f\u00f6r att visa versaler h\u00f6jd, x-h\u00f6jd, bredd, stigande, nedstigande och baslinje med pilar som indikerar varje m\u00e5tt p\u00e5 bokst\u00e4verna.\" width=\"696\" height=\"311\" \/><figcaption id=\"caption-attachment-18228\" class=\"wp-caption-text\">Teckenstorleksanatomi<\/figcaption><\/figure>\n<p>F\u00f6rutom bokst\u00e4vernas form, profiltjocklek och tjocklek \u00e4r det framf\u00f6r allt <strong>mittl\u00e4ngden<\/strong> som p\u00e5verkar storleksintrycket. Mittl\u00e4ngden, \u00e4ven kallad x-h\u00f6jd, \u00e4r h\u00f6jden p\u00e5 sm\u00e5 bokst\u00e4ver som &#8221;m&#8221;, &#8221;a&#8221; eller &#8221;z&#8221;. Denna storlek \u00e4r i f\u00f6rh\u00e5llande till versalh\u00f6jden annorlunda, allts\u00e5 till &#8221;M&#8221;, &#8221;A&#8221; eller &#8221;Z&#8221;. Ofta har bokst\u00e4verna ett storleksf\u00f6rh\u00e5llande enligt det gyllene f\u00f6rh\u00e5llandet \u2013 med faktor = 1,6. \u201dM\u201c \u00e4r allts\u00e5 1,6 ggr. st\u00f6rre \u00e4n \u201dm\u201d.<\/p>\n<p>Dessa proportioner \u00e4r, som alltid och lyckligtvis bara ett medelv\u00e4rde; m\u00e5nga teckensnitt anv\u00e4nder olika proportioner som ocks\u00e5 fungerar. Och \u00e4ven om man ska vara f\u00f6rsiktig med allm\u00e4ngiltiga uttalanden betr\u00e4ffande teckenstorlek, kan man s\u00e4ga att teckensnitt med stora mittl\u00e4ngder i f\u00f6rh\u00e5llande till versalh\u00f6jd \u00e4r st\u00f6rre \u00e4n teckensnitt, d\u00e4r mittl\u00e4ngderna \u00e4r relativt sm\u00e5.<\/p>\n<figure id=\"attachment_18226\" aria-describedby=\"caption-attachment-18226\" style=\"width: 696px\" class=\"wp-caption alignnone\"><img loading=\"lazy\" decoding=\"async\" class=\"size-large wp-image-18226\" src=\"https:\/\/www.onlineprinters.se\/blogg\/wp-content\/uploads\/2019\/10\/Die-Schriftgr\u00f6\u00dfe_Mittell\u00e4nge_EN.jpeg\" alt=\"En j\u00e4mf\u00f6relse av sex olika typsnitt. Varje typsnitt stavar &quot;Mtzfg&quot; med namnet ovan eller nedan: Glacial Indifference, Antique Olive, Cooper Hewitt, Dr Sugiyama, Claiborne. Rosa riktlinjer visar baslinje, x-h\u00f6jd och lockh\u00f6jd.\" width=\"696\" height=\"363\" \/><figcaption id=\"caption-attachment-18226\" class=\"wp-caption-text\">Varje teckensnitt har sitt eget storleksf\u00f6rh\u00e5llande mellan versalh\u00f6jd och mittl\u00e4ngd, vilket ocks\u00e5 p\u00e5verkar ett typsnitts grundl\u00e4sbarhet.<\/figcaption><\/figure>\n<div class=\"custom-background custom-background-dos\">\n<p>T\u00e4nk p\u00e5 det: 12 punkter \u00e4r inte alltid 12 punkter &#8211; beroende p\u00e5 teckensnitt \u00e4r ibland tydliga skillnader m\u00f6jliga; ett 12-punkts teckensnitt kan se s\u00e5 litet ut som ett 8-punkts teckensnitt &#8211; eller s\u00e5 stort som ett 16-punkts teckensnitt.<\/p>\n<\/div>\n<p>&nbsp;<\/p>\n<h2>M\u00e4ta teckenstorlek<\/h2>\n<p>Vad g\u00f6r du om du har en mall och ska best\u00e4mma vilka teckenstorlekar ska anv\u00e4ndas d\u00e4r, till exempel f\u00f6r att utforma en flyer enligt en gammal mall?<\/p>\n<p>Det finns olika tillv\u00e4gag\u00e5ngss\u00e4tt, men tyv\u00e4rr inga bindande standarder. Med hj\u00e4lp av en typometer, en linjal f\u00f6r det typografiska m\u00e4tsystemet, kan tryckta teckensnitt m\u00e4tas. Men \u00e4ven h\u00e4r finns det olika m\u00e4tvarianter, olika typometrar och slutligen olika punktstorlekar.<\/p>\n<h2>hp-h\u00f6jd<\/h2>\n<p>Det \u00e4r vanligt att m\u00e4ta hp-h\u00f6jden, dvs. den totala h\u00f6jden fr\u00e5n toppen av ett &#8221;h&#8221; eller &#8221;b&#8221; eller &#8221;d&#8221; eller &#8221;l&#8221; till botten av ett &#8221;p&#8221; eller &#8221;q&#8221;. De flesta typometrar har en p\u00e5tryckt rektangel; den motiverade designern s\u00f6ker igenom rektangeln, d\u00e4r tecknen &#8221;h&#8221; och &#8221;p&#8221; passar exakt och har d\u00e4rmed avl\u00e4st teckenstorleken. T\u00e4nk, om inte ovan n\u00e4mnda olika k\u00e4geltillvarataganden fanns.<\/p>\n<figure id=\"attachment_18227\" aria-describedby=\"caption-attachment-18227\" style=\"width: 696px\" class=\"wp-caption alignnone\"><img loading=\"lazy\" decoding=\"async\" class=\"size-large wp-image-18227\" src=\"https:\/\/www.onlineprinters.se\/blogg\/wp-content\/uploads\/2019\/10\/Die-Schriftgr\u00f6\u00dfe_Typometer_EN.jpg\" alt=\"En n\u00e4rbild av en tryckt sida som visar avsnitt 5.2 med titeln Ausgabe-Aufl\u00f6sung und Ma\u00dfeinheiten med \u00f6verlagrade linjaler och pixelm\u00e5tt p\u00e5 tyska. Text- och m\u00e4tlinjer \u00f6verlappar varandra och verkar n\u00e5got f\u00f6rvr\u00e4ngda.\" width=\"696\" height=\"522\" \/><figcaption id=\"caption-attachment-18227\" class=\"wp-caption-text\">En typometer f\u00f6r m\u00e4tning av teckenstorlek<\/figcaption><\/figure>\n<h2>Versalh\u00f6jd<\/h2>\n<p>Alternativt arbetar vissa designers med angivning av versalh\u00f6jd. H\u00e4r m\u00e4ts bara storleken p\u00e5 en stor bokstav utan avrundningar, till exempel storleken p\u00e5 ett &#8221;H&#8221; eller &#8221;M&#8221; &#8211; men s\u00e4rskilt i skriv- och handstil \u00e4r de sv\u00e5ra att m\u00e4ta. Denna storlek \u00e4r naturligtvis inte den teckenstorlek som program s\u00e5som InDesign f\u00f6rv\u00e4ntar sig under teckenstorlek, eftersom de vill ha k\u00e4gelstorlek. S\u00e5ledes beh\u00f6vs h\u00e4r antingen empiriska v\u00e4rden eller man vet vilken punkt ska kontrolleras f\u00f6r att komma fr\u00e5n versalh\u00f6jd till teckensnitt- eller k\u00e4gelstorlek.<\/p>\n<h2>Vilken teckenstorlek till vad?<\/h2>\n<p>P\u00e5 grund av den nyss beskrivna situationen \u00e4r det knappast m\u00f6jligt att ge seri\u00f6sa rekommendationer f\u00f6r teckenstorlek. En bra l\u00e4sstorlek f\u00f6r l\u00e4ngre texter som tidskrifter och \u00e4ven b\u00f6cker \u00e4r vanligtvis mellan 8 och 12 punkter; om du vill begr\u00e4nsa dig mer ska du k\u00e4nna till det anv\u00e4nda teckensnittet f\u00f6r att g\u00f6ra ett p\u00e5litligt uttalande. Detsamma g\u00e4ller f\u00f6r visitkort eller brevhuvud, \u00e4ven h\u00e4r anv\u00e4nds storlekar mellan 8 och 12 punkter. Bildtexter, information om upphovsr\u00e4tt, fotnoter och liknande \u00f6vriga kommentarer kan ocks\u00e5 vara l\u00e4sbara med 7 punkter, men detta \u00e4r mycket beroende av anv\u00e4nt teckensnitt och andra detaljer som radl\u00e4ngd, textm\u00e4ngd eller bakgrund. 6-punkts teckensnitt kr\u00e4ver vanligtvis bra glas\u00f6gon och anv\u00e4nds ofta som ett avskr\u00e4ckande exempel f\u00f6r det &#8221;finstilta&#8221; i kontraktet.<\/p>\n<h2>Facit: Vi vet, att vi inget vet<\/h2>\n<p>Det finns ingen allm\u00e4ngiltig regel f\u00f6r k\u00e4gelutnyttjande eller slutgiltig teckenstorlek. Teckensnittsstorlekar \u00e4r relativa och det tr\u00e4nade \u00f6gat s\u00e5v\u00e4l som erfarenheten \u00e4r de tv\u00e5 hj\u00e4lpredorna som, f\u00f6rutom n\u00e5gra f\u00e5 grundl\u00e4ggande v\u00e4rden, hj\u00e4lper effektivast vid val av r\u00e4tt storlek.<\/p>\n","protected":false},"excerpt":{"rendered":"<p>Online s\u00e5v\u00e4l som offline st\u00f6ter man ofta p\u00e5 rekommendationer av den h\u00e4r typen: &#8221;Teckenstorlek: Minst 12 punkter&#8221;. Men s\u00e5dana uttalanden \u00e4r v\u00e4rdel\u00f6sa och vilseledande. Vad \u00e4r d\u00e5 v\u00e4sentligt?<\/p>\n","protected":false},"author":44,"featured_media":22108,"comment_status":"open","ping_status":"open","sticky":false,"template":"","format":"standard","meta":{"footnotes":""},"categories":[6],"tags":[],"class_list":["post-20134","post","type-post","status-publish","format-standard","has-post-thumbnail","hentry","category-teckensnitt-fonter"],"yoast_head":"<!-- This site is optimized with the Yoast SEO plugin v27.5 - https:\/\/yoast.com\/product\/yoast-seo-wordpress\/ -->\n<title>Teckenstorlek-snabbkurs Varf\u00f6r 12 punkter inte \u00e4r 12 punkter<\/title>\n<meta name=\"description\" content=\"Teckenstorlek p\u00e5verkar b\u00e5de l\u00e4sbarheten och texteffekten lika mycket. Desto viktigare att k\u00e4nna till grunderna och att t\u00e4nka till f\u00f6re.\" \/>\n<meta name=\"robots\" content=\"index, follow, max-snippet:-1, max-image-preview:large, max-video-preview:-1\" \/>\n<link rel=\"canonical\" href=\"https:\/\/www.onlineprinters.se\/blogg\/teckenstorlek\/\" \/>\n<meta property=\"og:locale\" content=\"sv_SE\" \/>\n<meta property=\"og:type\" content=\"article\" \/>\n<meta property=\"og:title\" content=\"Multiplikationstabellen f\u00f6r liten teckenstorlek\" \/>\n<meta property=\"og:description\" content=\"Teckenstorlek p\u00e5verkar b\u00e5de l\u00e4sbarheten och texteffekten lika mycket. Desto viktigare att k\u00e4nna till grunderna och att t\u00e4nka till f\u00f6re.\" \/>\n<meta property=\"og:url\" content=\"https:\/\/www.onlineprinters.se\/blogg\/teckenstorlek\/\" \/>\n<meta property=\"og:site_name\" content=\"onlineprinters.se Blogg\" \/>\n<meta property=\"article:published_time\" content=\"2019-10-23T08:00:20+00:00\" \/>\n<meta property=\"article:modified_time\" content=\"2025-04-28T12:28:48+00:00\" \/>\n<meta property=\"og:image\" content=\"https:\/\/www.onlineprinters.se\/blogg\/wp-content\/uploads\/2019\/10\/2014-12-02-diedruckerei-de-pr\u00e4sentiert-neuen-Imagefilm-zum-Firmenjubil\u00e4u-.jpg\" \/>\n\t<meta property=\"og:image:width\" content=\"1920\" \/>\n\t<meta property=\"og:image:height\" content=\"1080\" \/>\n\t<meta property=\"og:image:type\" content=\"image\/jpeg\" \/>\n<meta name=\"author\" content=\"Claudia\" \/>\n<meta name=\"twitter:card\" content=\"summary_large_image\" \/>\n<meta name=\"twitter:title\" content=\"Multiplikationstabellen f\u00f6r liten teckenstorlek\" \/>\n<meta name=\"twitter:label1\" content=\"Skriven av\" \/>\n\t<meta name=\"twitter:data1\" content=\"Claudia\" \/>\n\t<meta name=\"twitter:label2\" content=\"Ber\u00e4knad l\u00e4stid\" \/>\n\t<meta name=\"twitter:data2\" content=\"8 minuter\" \/>\n<script type=\"application\/ld+json\" class=\"yoast-schema-graph\">{\"@context\":\"https:\\\/\\\/schema.org\",\"@graph\":[{\"@type\":\"Article\",\"@id\":\"https:\\\/\\\/www.onlineprinters.se\\\/blogg\\\/teckenstorlek\\\/#article\",\"isPartOf\":{\"@id\":\"https:\\\/\\\/www.onlineprinters.se\\\/blogg\\\/teckenstorlek\\\/\"},\"author\":{\"name\":\"Claudia\",\"@id\":\"https:\\\/\\\/www.onlineprinters.se\\\/blogg\\\/#\\\/schema\\\/person\\\/62c9f19fb18c4d78c9598e92c0793791\"},\"headline\":\"Multiplikationstabellen f\u00f6r liten teckenstorlek\",\"datePublished\":\"2019-10-23T08:00:20+00:00\",\"dateModified\":\"2025-04-28T12:28:48+00:00\",\"mainEntityOfPage\":{\"@id\":\"https:\\\/\\\/www.onlineprinters.se\\\/blogg\\\/teckenstorlek\\\/\"},\"wordCount\":1568,\"commentCount\":0,\"image\":{\"@id\":\"https:\\\/\\\/www.onlineprinters.se\\\/blogg\\\/teckenstorlek\\\/#primaryimage\"},\"thumbnailUrl\":\"https:\\\/\\\/www.onlineprinters.se\\\/blogg\\\/wp-content\\\/uploads\\\/2019\\\/10\\\/2014-12-02-diedruckerei-de-pr\u00e4sentiert-neuen-Imagefilm-zum-Firmenjubil\u00e4u-.jpg\",\"articleSection\":[\"Teckensnitt &amp; Fonter\"],\"inLanguage\":\"sv-SE\",\"potentialAction\":[{\"@type\":\"CommentAction\",\"name\":\"Comment\",\"target\":[\"https:\\\/\\\/www.onlineprinters.se\\\/blogg\\\/teckenstorlek\\\/#respond\"]}]},{\"@type\":\"WebPage\",\"@id\":\"https:\\\/\\\/www.onlineprinters.se\\\/blogg\\\/teckenstorlek\\\/\",\"url\":\"https:\\\/\\\/www.onlineprinters.se\\\/blogg\\\/teckenstorlek\\\/\",\"name\":\"Teckenstorlek-snabbkurs Varf\u00f6r 12 punkter inte \u00e4r 12 punkter\",\"isPartOf\":{\"@id\":\"https:\\\/\\\/www.onlineprinters.se\\\/blogg\\\/#website\"},\"primaryImageOfPage\":{\"@id\":\"https:\\\/\\\/www.onlineprinters.se\\\/blogg\\\/teckenstorlek\\\/#primaryimage\"},\"image\":{\"@id\":\"https:\\\/\\\/www.onlineprinters.se\\\/blogg\\\/teckenstorlek\\\/#primaryimage\"},\"thumbnailUrl\":\"https:\\\/\\\/www.onlineprinters.se\\\/blogg\\\/wp-content\\\/uploads\\\/2019\\\/10\\\/2014-12-02-diedruckerei-de-pr\u00e4sentiert-neuen-Imagefilm-zum-Firmenjubil\u00e4u-.jpg\",\"datePublished\":\"2019-10-23T08:00:20+00:00\",\"dateModified\":\"2025-04-28T12:28:48+00:00\",\"author\":{\"@id\":\"https:\\\/\\\/www.onlineprinters.se\\\/blogg\\\/#\\\/schema\\\/person\\\/62c9f19fb18c4d78c9598e92c0793791\"},\"description\":\"Teckenstorlek p\u00e5verkar b\u00e5de l\u00e4sbarheten och texteffekten lika mycket. Desto viktigare att k\u00e4nna till grunderna och att t\u00e4nka till f\u00f6re.\",\"inLanguage\":\"sv-SE\",\"potentialAction\":[{\"@type\":\"ReadAction\",\"target\":[\"https:\\\/\\\/www.onlineprinters.se\\\/blogg\\\/teckenstorlek\\\/\"]}]},{\"@type\":\"ImageObject\",\"inLanguage\":\"sv-SE\",\"@id\":\"https:\\\/\\\/www.onlineprinters.se\\\/blogg\\\/teckenstorlek\\\/#primaryimage\",\"url\":\"https:\\\/\\\/www.onlineprinters.se\\\/blogg\\\/wp-content\\\/uploads\\\/2019\\\/10\\\/2014-12-02-diedruckerei-de-pr\u00e4sentiert-neuen-Imagefilm-zum-Firmenjubil\u00e4u-.jpg\",\"contentUrl\":\"https:\\\/\\\/www.onlineprinters.se\\\/blogg\\\/wp-content\\\/uploads\\\/2019\\\/10\\\/2014-12-02-diedruckerei-de-pr\u00e4sentiert-neuen-Imagefilm-zum-Firmenjubil\u00e4u-.jpg\",\"width\":1920,\"height\":1080},{\"@type\":\"WebSite\",\"@id\":\"https:\\\/\\\/www.onlineprinters.se\\\/blogg\\\/#website\",\"url\":\"https:\\\/\\\/www.onlineprinters.se\\\/blogg\\\/\",\"name\":\"onlineprinters.se Blogg\",\"description\":\"\",\"potentialAction\":[{\"@type\":\"SearchAction\",\"target\":{\"@type\":\"EntryPoint\",\"urlTemplate\":\"https:\\\/\\\/www.onlineprinters.se\\\/blogg\\\/?s={search_term_string}\"},\"query-input\":{\"@type\":\"PropertyValueSpecification\",\"valueRequired\":true,\"valueName\":\"search_term_string\"}}],\"inLanguage\":\"sv-SE\"},{\"@type\":\"Person\",\"@id\":\"https:\\\/\\\/www.onlineprinters.se\\\/blogg\\\/#\\\/schema\\\/person\\\/62c9f19fb18c4d78c9598e92c0793791\",\"name\":\"Claudia\",\"image\":{\"@type\":\"ImageObject\",\"inLanguage\":\"sv-SE\",\"@id\":\"https:\\\/\\\/www.onlineprinters.se\\\/blogg\\\/wp-content\\\/plugins\\\/wp-user-avatar\\\/deprecated\\\/wp-user-avatar\\\/images\\\/wpua-96x96.png\",\"url\":\"https:\\\/\\\/www.onlineprinters.se\\\/blogg\\\/wp-content\\\/plugins\\\/wp-user-avatar\\\/deprecated\\\/wp-user-avatar\\\/images\\\/wpua-96x96.png\",\"contentUrl\":\"https:\\\/\\\/www.onlineprinters.se\\\/blogg\\\/wp-content\\\/plugins\\\/wp-user-avatar\\\/deprecated\\\/wp-user-avatar\\\/images\\\/wpua-96x96.png\",\"caption\":\"Claudia\"},\"sameAs\":[\"http:\\\/\\\/www.typostil.de\"],\"url\":\"https:\\\/\\\/www.onlineprinters.se\\\/blogg\\\/author\\\/claudia\\\/\"}]}<\/script>\n<!-- \/ Yoast SEO plugin. -->","yoast_head_json":{"title":"Teckenstorlek-snabbkurs Varf\u00f6r 12 punkter inte \u00e4r 12 punkter","description":"Teckenstorlek p\u00e5verkar b\u00e5de l\u00e4sbarheten och texteffekten lika mycket. Desto viktigare att k\u00e4nna till grunderna och att t\u00e4nka till f\u00f6re.","robots":{"index":"index","follow":"follow","max-snippet":"max-snippet:-1","max-image-preview":"max-image-preview:large","max-video-preview":"max-video-preview:-1"},"canonical":"https:\/\/www.onlineprinters.se\/blogg\/teckenstorlek\/","og_locale":"sv_SE","og_type":"article","og_title":"Multiplikationstabellen f\u00f6r liten teckenstorlek","og_description":"Teckenstorlek p\u00e5verkar b\u00e5de l\u00e4sbarheten och texteffekten lika mycket. Desto viktigare att k\u00e4nna till grunderna och att t\u00e4nka till f\u00f6re.","og_url":"https:\/\/www.onlineprinters.se\/blogg\/teckenstorlek\/","og_site_name":"onlineprinters.se Blogg","article_published_time":"2019-10-23T08:00:20+00:00","article_modified_time":"2025-04-28T12:28:48+00:00","og_image":[{"width":1920,"height":1080,"url":"https:\/\/www.onlineprinters.se\/blogg\/wp-content\/uploads\/2019\/10\/2014-12-02-diedruckerei-de-pr\u00e4sentiert-neuen-Imagefilm-zum-Firmenjubil\u00e4u-.jpg","type":"image\/jpeg"}],"author":"Claudia","twitter_card":"summary_large_image","twitter_title":"Multiplikationstabellen f\u00f6r liten teckenstorlek","twitter_misc":{"Skriven av":"Claudia","Ber\u00e4knad l\u00e4stid":"8 minuter"},"schema":{"@context":"https:\/\/schema.org","@graph":[{"@type":"Article","@id":"https:\/\/www.onlineprinters.se\/blogg\/teckenstorlek\/#article","isPartOf":{"@id":"https:\/\/www.onlineprinters.se\/blogg\/teckenstorlek\/"},"author":{"name":"Claudia","@id":"https:\/\/www.onlineprinters.se\/blogg\/#\/schema\/person\/62c9f19fb18c4d78c9598e92c0793791"},"headline":"Multiplikationstabellen f\u00f6r liten teckenstorlek","datePublished":"2019-10-23T08:00:20+00:00","dateModified":"2025-04-28T12:28:48+00:00","mainEntityOfPage":{"@id":"https:\/\/www.onlineprinters.se\/blogg\/teckenstorlek\/"},"wordCount":1568,"commentCount":0,"image":{"@id":"https:\/\/www.onlineprinters.se\/blogg\/teckenstorlek\/#primaryimage"},"thumbnailUrl":"https:\/\/www.onlineprinters.se\/blogg\/wp-content\/uploads\/2019\/10\/2014-12-02-diedruckerei-de-pr\u00e4sentiert-neuen-Imagefilm-zum-Firmenjubil\u00e4u-.jpg","articleSection":["Teckensnitt &amp; Fonter"],"inLanguage":"sv-SE","potentialAction":[{"@type":"CommentAction","name":"Comment","target":["https:\/\/www.onlineprinters.se\/blogg\/teckenstorlek\/#respond"]}]},{"@type":"WebPage","@id":"https:\/\/www.onlineprinters.se\/blogg\/teckenstorlek\/","url":"https:\/\/www.onlineprinters.se\/blogg\/teckenstorlek\/","name":"Teckenstorlek-snabbkurs Varf\u00f6r 12 punkter inte \u00e4r 12 punkter","isPartOf":{"@id":"https:\/\/www.onlineprinters.se\/blogg\/#website"},"primaryImageOfPage":{"@id":"https:\/\/www.onlineprinters.se\/blogg\/teckenstorlek\/#primaryimage"},"image":{"@id":"https:\/\/www.onlineprinters.se\/blogg\/teckenstorlek\/#primaryimage"},"thumbnailUrl":"https:\/\/www.onlineprinters.se\/blogg\/wp-content\/uploads\/2019\/10\/2014-12-02-diedruckerei-de-pr\u00e4sentiert-neuen-Imagefilm-zum-Firmenjubil\u00e4u-.jpg","datePublished":"2019-10-23T08:00:20+00:00","dateModified":"2025-04-28T12:28:48+00:00","author":{"@id":"https:\/\/www.onlineprinters.se\/blogg\/#\/schema\/person\/62c9f19fb18c4d78c9598e92c0793791"},"description":"Teckenstorlek p\u00e5verkar b\u00e5de l\u00e4sbarheten och texteffekten lika mycket. Desto viktigare att k\u00e4nna till grunderna och att t\u00e4nka till f\u00f6re.","inLanguage":"sv-SE","potentialAction":[{"@type":"ReadAction","target":["https:\/\/www.onlineprinters.se\/blogg\/teckenstorlek\/"]}]},{"@type":"ImageObject","inLanguage":"sv-SE","@id":"https:\/\/www.onlineprinters.se\/blogg\/teckenstorlek\/#primaryimage","url":"https:\/\/www.onlineprinters.se\/blogg\/wp-content\/uploads\/2019\/10\/2014-12-02-diedruckerei-de-pr\u00e4sentiert-neuen-Imagefilm-zum-Firmenjubil\u00e4u-.jpg","contentUrl":"https:\/\/www.onlineprinters.se\/blogg\/wp-content\/uploads\/2019\/10\/2014-12-02-diedruckerei-de-pr\u00e4sentiert-neuen-Imagefilm-zum-Firmenjubil\u00e4u-.jpg","width":1920,"height":1080},{"@type":"WebSite","@id":"https:\/\/www.onlineprinters.se\/blogg\/#website","url":"https:\/\/www.onlineprinters.se\/blogg\/","name":"onlineprinters.se Blogg","description":"","potentialAction":[{"@type":"SearchAction","target":{"@type":"EntryPoint","urlTemplate":"https:\/\/www.onlineprinters.se\/blogg\/?s={search_term_string}"},"query-input":{"@type":"PropertyValueSpecification","valueRequired":true,"valueName":"search_term_string"}}],"inLanguage":"sv-SE"},{"@type":"Person","@id":"https:\/\/www.onlineprinters.se\/blogg\/#\/schema\/person\/62c9f19fb18c4d78c9598e92c0793791","name":"Claudia","image":{"@type":"ImageObject","inLanguage":"sv-SE","@id":"https:\/\/www.onlineprinters.se\/blogg\/wp-content\/plugins\/wp-user-avatar\/deprecated\/wp-user-avatar\/images\/wpua-96x96.png","url":"https:\/\/www.onlineprinters.se\/blogg\/wp-content\/plugins\/wp-user-avatar\/deprecated\/wp-user-avatar\/images\/wpua-96x96.png","contentUrl":"https:\/\/www.onlineprinters.se\/blogg\/wp-content\/plugins\/wp-user-avatar\/deprecated\/wp-user-avatar\/images\/wpua-96x96.png","caption":"Claudia"},"sameAs":["http:\/\/www.typostil.de"],"url":"https:\/\/www.onlineprinters.se\/blogg\/author\/claudia\/"}]}},"_links":{"self":[{"href":"https:\/\/www.onlineprinters.se\/blogg\/wp-json\/wp\/v2\/posts\/20134","targetHints":{"allow":["GET"]}}],"collection":[{"href":"https:\/\/www.onlineprinters.se\/blogg\/wp-json\/wp\/v2\/posts"}],"about":[{"href":"https:\/\/www.onlineprinters.se\/blogg\/wp-json\/wp\/v2\/types\/post"}],"author":[{"embeddable":true,"href":"https:\/\/www.onlineprinters.se\/blogg\/wp-json\/wp\/v2\/users\/44"}],"replies":[{"embeddable":true,"href":"https:\/\/www.onlineprinters.se\/blogg\/wp-json\/wp\/v2\/comments?post=20134"}],"version-history":[{"count":7,"href":"https:\/\/www.onlineprinters.se\/blogg\/wp-json\/wp\/v2\/posts\/20134\/revisions"}],"predecessor-version":[{"id":40377,"href":"https:\/\/www.onlineprinters.se\/blogg\/wp-json\/wp\/v2\/posts\/20134\/revisions\/40377"}],"wp:featuredmedia":[{"embeddable":true,"href":"https:\/\/www.onlineprinters.se\/blogg\/wp-json\/wp\/v2\/media\/22108"}],"wp:attachment":[{"href":"https:\/\/www.onlineprinters.se\/blogg\/wp-json\/wp\/v2\/media?parent=20134"}],"wp:term":[{"taxonomy":"category","embeddable":true,"href":"https:\/\/www.onlineprinters.se\/blogg\/wp-json\/wp\/v2\/categories?post=20134"},{"taxonomy":"post_tag","embeddable":true,"href":"https:\/\/www.onlineprinters.se\/blogg\/wp-json\/wp\/v2\/tags?post=20134"}],"curies":[{"name":"wp","href":"https:\/\/api.w.org\/{rel}","templated":true}]}}