{"id":40076,"date":"2023-11-14T09:00:52","date_gmt":"2023-11-14T08:00:52","guid":{"rendered":"https:\/\/www.diedruckerei.it\/blog\/?p=15470"},"modified":"2025-04-28T14:30:38","modified_gmt":"2025-04-28T12:30:38","slug":"julhalsningar-affarer","status":"publish","type":"post","link":"https:\/\/www.onlineprinters.se\/blogg\/julhalsningar-affarer\/","title":{"rendered":"Julh\u00e4lsningar &#8211; aff\u00e4rsm\u00e4ssiga och hj\u00e4rtliga p\u00e5 samma g\u00e5ng"},"content":{"rendered":"<p>Varje \u00e5r, strax f\u00f6re jul, uppst\u00e5r fr\u00e5gan: Hur lyckas man g\u00f6ra julh\u00e4lsningar aff\u00e4rsm\u00e4ssiga och samtidigt personliga, innerliga och eftert\u00e4nksamma &#8211; med en personlig touch? F\u00f6r allt h\u00e4nger p\u00e5 r\u00e4tt ton. F\u00f6r att g\u00f6ra det lite l\u00e4ttare f\u00f6r dig har vi sammanst\u00e4llt gratis textmallar f\u00f6r alla fall.<!--more--><\/p>\n<p>Det g\u00e5r definitivt inte att komma runt julh\u00e4lsningar i aff\u00e4rslivet. F\u00f6r m\u00e5nga \u00e4r det bara en syssla, men dessa lyck\u00f6nskningar och tackbrev fyller en viktig funktion: de uttrycker uppskattning och kan anv\u00e4ndas f\u00f6r att tacka kunder och partners f\u00f6r deras lojalitet eller framg\u00e5ngsrika samarbete. Men hur skriver man julh\u00e4lsningar som \u00e4r b\u00e5de aff\u00e4rsm\u00e4ssiga och hj\u00e4rtliga?<\/p>\n<p>Den r\u00e4tta tonen \u00e4r viktig: professionell med en personlig touch. F\u00f6r se upp, med n\u00e5gon k\u00e4rleksl\u00f6st ihopsnickrad text eller det glesa kortet som b\u00e4r den osynliga st\u00e4mpeln &#8221;massutskick&#8221; \u00e4r det mer troligt att du uppn\u00e5r motsatsen. Mottagaren f\u00e5r k\u00e4nslan av att avs\u00e4ndaren inte anser honom tillr\u00e4ckligt viktig f\u00f6r att g\u00f6ra en anstr\u00e4ngning. Och handen p\u00e5 hj\u00e4rtat: ibland \u00e4r det s\u00e5. Men du b\u00f6r aldrig l\u00e5ta det synas p\u00e5 ett julkort.<\/p>\n<p><strong>Inneh\u00e5ll<\/strong><\/p>\n<ul>\n<li><a href=\"#consider\">Vad du b\u00f6r t\u00e4nka p\u00e5 n\u00e4r du skickar julh\u00e4lsningar till f\u00f6retag<\/a><\/li>\n<li><a href=\"#christmasmail\">Vem f\u00e5r julpost?<\/a><\/li>\n<li><a href=\"#texttemplates\">Julh\u00e4lsningar &#8211; textmallar f\u00f6r f\u00f6retag f\u00f6r alla tillf\u00e4llen<\/a><\/li>\n<li><a href=\"#design\">S\u00e5 h\u00e4r designar du dina julkort<\/a><\/li>\n<li><a href=\"#online-design\">Tips: Designa julkort online och best\u00e4ll direkt<\/a><\/li>\n<\/ul>\n<p><a name=\"consider\"><\/a><\/p>\n<h2>Vad du b\u00f6r t\u00e4nka p\u00e5 n\u00e4r du skapar julkort f\u00f6r f\u00f6retag<\/h2>\n<h3>1. H\u00f6g kvalitet<\/h3>\n<p>Det beh\u00f6ver inte vara ett elegant texturerat kort. Men det b\u00f6r vara n\u00e5gra niv\u00e5er \u00f6ver tunt skrivpapper f\u00f6r att adressaten ska k\u00e4nna sig uppskattad. Ett <a href=\"https:\/\/www.onlineprinters.se\/k\/vikta-kort\">professionellt tryckt vikt kort<\/a> med ett matchande kuvert \u00e4r alltid ett bra val i detta avseende. F\u00f6r att visa upp sig \u00e4r julh\u00e4lsningar <a href=\"https:\/\/www.onlineprinters.se\/k\/vikta-kort-exklusiva\">p\u00e5 exklusivt papper<\/a> eller ett <a href=\"https:\/\/www.onlineprinters.se\/k\/vikta-kort-med-effektfaerger\">kort med effektf\u00e4rger<\/a> l\u00e4mpliga.<\/p>\n<p>Du beh\u00f6ver inte skilja mellan kort f\u00f6r kunder, partners eller medarbetare, utan kan anv\u00e4nda samma design f\u00f6r dina julh\u00e4lsningar. Ju fler kort som produceras, desto l\u00e4gre blir produktionskostnaderna. Ord som l\u00e4ggs till f\u00f6r hand ger en <strong>personlig touch<\/strong>. S\u00e4rskilt om du har en begr\u00e4nsad julbudget kan du spara pengar p\u00e5 detta s\u00e4tt.<br \/>\n<a name=\"christmasmail\"><\/a><\/p>\n<h3>2. Personlig adress<\/h3>\n<p>&nbsp;<\/p>\n<p><a href=\"https:\/\/www.onlineprinters.se\/blogg\/wp-content\/uploads\/2023\/11\/Beitragsbild_Weihnachtssprueche_neu.jpg\"><img loading=\"lazy\" decoding=\"async\" class=\"td-modal-image aligncenter wp-image-40696 size-large\" src=\"https:\/\/www.onlineprinters.se\/blogg\/wp-content\/uploads\/2023\/11\/Beitragsbild_Weihnachtssprueche_neu-1024x556.jpg\" alt=\"En hand h\u00e5ller ett festligt god julkort med ett tr\u00e4d gjord av semesterikoner som prydnader, godisr\u00f6r, julstj\u00e4rnor och pepparkaksgubbar. Kotar och gr\u00f6nska pryder den rustika tr\u00e4bakgrunden.\" width=\"696\" height=\"378\" \/><\/a>Personlig adress inneb\u00e4r inte bara att mottagaren kallas vid namn, utan ocks\u00e5 att han eller hon tilltalas direkt med ett par ord. Det \u00e4r d\u00e4rf\u00f6r tillr\u00e5dligt att inte trycka f\u00f6r mycket text p\u00e5 julkort som produceras i stor skala, s\u00e5 att det fortfarande finns <strong>utrymme<\/strong> f\u00f6r handskrivna till\u00e4gg. Alternativt kan du best\u00e4lla instickskort och skriva personliga ord p\u00e5 dem.<\/p>\n<p>Med s\u00e5dana personliga anteckningar \u00e4r det b\u00e4st att n\u00e4mna h\u00e4ndelser som skapar en k\u00e4nsla av gemenskap f\u00f6r b\u00e5de avs\u00e4ndare och mottagare. Eller h\u00e4nvisa till vissa preferenser hos kunden eller aff\u00e4rspartnern. S\u00e4rskilt under den eftert\u00e4nksamma jultiden i slutet av \u00e5ret \u00e4r det en bra id\u00e9 att se tillbaka p\u00e5 projekt eller milstolpar som man har klarat av tillsammans.<\/p>\n<h3>3. Gl\u00f6m ingen<\/h3>\n<p>Visst, det \u00e4r inte trevligt om julkortet kommer med charmen av en spridd artikel, men du b\u00f6r inte sprida f\u00f6r fint f\u00f6r k\u00e4rlekens fest heller. Om du bara t\u00e4nker p\u00e5 enskilda medlemmar i ett team kommer du oundvikligen att trampa alla andra p\u00e5 t\u00e5rna. Skriv d\u00e4rf\u00f6r antingen bara upp dem som du har personlig kontakt med eller en st\u00e4llf\u00f6retr\u00e4dare per team.<\/p>\n<div class=\"custom-background custom-background-donts\">\n<p>Att gl\u00f6mma bort enskilda medlemmar i ett team \u00e4r mer \u00e4n pinsamt. Det \u00e4r b\u00e4ttre att kontrollera listan flera g\u00e5nger och helst beh\u00e5lla den under hela \u00e5ret. P\u00e5 s\u00e5 s\u00e4tt undviker man on\u00f6dig stress mot slutet av \u00e5ret.<\/p>\n<\/div>\n<h3>4. Julh\u00e4lsningar &#8211; aff\u00e4rer och att sticka ut fr\u00e5n m\u00e4ngden<\/h3>\n<p>Med m\u00e5nga aff\u00e4rskontakter blir julkorten snabbt m\u00e5nga. Den tionde julgranen och den \u00e5ttonde j\u00e4rnekskvisten sticker inte l\u00e4ngre ut. Om du vill bli ih\u00e5gkommen av dina kunder och partners m\u00e5ste du satsa p\u00e5 n\u00e5got <strong>ovanligt eller unikt<\/strong>.<\/p>\n<p>Allt som avviker fr\u00e5n normen f\u00e5ngar blicken. Det kan vara ett s\u00e4llsynt papper, julf\u00e4rger som skiljer sig fr\u00e5n normen (traditionellt gr\u00f6nt och r\u00f6tt), en ovanlig form (vad s\u00e4gs om runda gratulationskort?) eller ett motiv som aldrig har setts f\u00f6rut.<\/p>\n<p>Om du gillar det lika ovanligt som roligt kan du ta med <strong>dina egna foton<\/strong>: personalen i renkostym, husets k\u00e4rnprodukt i julhatt eller en liten serietidning som passar tillf\u00e4llet. Kort med ett s\u00e5 litet underh\u00e5llningsv\u00e4rde kommer definitivt att bli ih\u00e5gkomna.<\/p>\n<h3>5. Som ackompanjemang eller solo<\/h3>\n<p>Om julh\u00e4lsningen bara \u00e4r ett till\u00e4gg till en g\u00e5va r\u00e4cker det ocks\u00e5 med ett kort p\u00e5 en sida med n\u00e5gra personliga ord. Om kunden eller aff\u00e4rspartnern bara f\u00e5r lyck\u00f6nskningar \u00e4r det b\u00e4ttre med ett genomarbetat dubbelkort.<\/p>\n<p>En liten balansg\u00e5ng i detta avseende \u00e4r julkortet som anger att budgeten kommer att investeras i en v\u00e4lg\u00f6renhetsdonation ist\u00e4llet f\u00f6r g\u00e5vor. I det h\u00e4r fallet b\u00f6r kortet ocks\u00e5 vara elegant, men inte f\u00f6r pr\u00e5ligt, utan ganska enkelt.<\/p>\n<h2>Vem f\u00e5r julpost?<\/h2>\n<figure id=\"attachment_15936\" aria-describedby=\"caption-attachment-15936\" style=\"width: 696px\" class=\"wp-caption aligncenter\"><a href=\"https:\/\/www.onlineprinters.se\/blogg\/wp-content\/uploads\/2023\/11\/Weihnachten_Geschenke.jpg\"><img loading=\"lazy\" decoding=\"async\" class=\"td-modal-image wp-image-15936 size-large\" src=\"https:\/\/www.onlineprinters.se\/blogg\/wp-content\/uploads\/2023\/11\/Weihnachten_Geschenke-1024x682.jpg\" alt=\"Tre inslagna presenter dekorerade med tallgrenar, garn, b\u00e4r och tallkottar sitter p\u00e5 en m\u00f6rk, sn\u00f6ig yta. Fem guldstj\u00e4rnor \u00e4r utspridda i n\u00e4rheten, vilket skapar en festlig semesterst\u00e4mning.\" width=\"696\" height=\"464\" \/><\/a><figcaption id=\"caption-attachment-15936\" class=\"wp-caption-text\">Julpost &#8211; med en g\u00e5va eller bara ett fint gratulationskort &#8211; \u00e4r en omistlig del av adventstiden<\/figcaption><\/figure>\n<p>Kunder och aff\u00e4rspartners f\u00e5r ofta julkort som en sj\u00e4lvklarhet, men ibland kan det ocks\u00e5 vara mycket l\u00e4mpligt att skicka en liten g\u00e5va till anst\u00e4llda i slutet av \u00e5ret f\u00f6r de tj\u00e4nster de har utf\u00f6rt.<\/p>\n<p>P\u00e5 m\u00e5nga f\u00f6retag \u00e4r adresslistorna indelade i kategorier. Premiumkontakter f\u00e5r mer v\u00e4rdefulla g\u00e5vor \u00e4n B- och C-kontakter, eller inga alls. Mindre viktiga partners f\u00e5r &#8221;bara&#8221; ett kort. D\u00e4rf\u00f6r \u00e4r det extra viktigt att kortet \u00e4r attraktivt utformat och inneh\u00e5ller en individuell eller \u00e5tminstone personlig text.<br \/>\n<a name=\"texttemplates\"><\/a><\/p>\n<h2 id=\"citat\">Julh\u00e4lsningar &#8211; textmallar f\u00f6r f\u00f6retag f\u00f6r alla tillf\u00e4llen<\/h2>\n<p>Du kan modifiera v\u00e5ra f\u00f6rslag f\u00f6r dina egna syften eller anta dem helt som de \u00e4r om de bara passar. Vi har f\u00f6rs\u00f6kt att t\u00e4cka alla omr\u00e5den, ibland lite mer formella och kontemplativa, ibland lite mer avslappnade &#8211; l\u00e4mpliga f\u00f6r olika m\u00e5lgrupper och partnerskap.<\/p>\n<div class=\"custom-background-grey\"><strong>Inneh\u00e5ll &#8211; Julh\u00e4lsningar<\/strong>.<br \/>\n1 &#8211; Kort med g\u00e5va; 2 &#8211; Julh\u00e4lsningar till f\u00f6retag utan g\u00e5va; 3 &#8211; Julkort med h\u00e4nvisning till donationer; 4 &#8211; Texter utan tydlig julreferens; 5 &#8211; Tilltalande citat f\u00f6r kort och julh\u00e4lsningar till f\u00f6retag<\/div>\n<div><\/div>\n<hr class=\"f\u00e4rg-streckad\" \/>\n<h4>Kort som medf\u00f6ljer en g\u00e5va<\/h4>\n<p>K\u00e4ra herr &#8230;, \/ K\u00e4ra fru &#8230;,<\/p>\n<p>vi \u00f6nskar dig och din familj en god jul och en avkopplande semester! Till\u00e5t dig sj\u00e4lv lite lugn och ro och njut av detta fina vin.<\/p>\n<p>Ha en bra start p\u00e5 det nya \u00e5ret, d\u00e4r vi hoppas kunna forts\u00e4tta v\u00e5r framg\u00e5ngssaga!<\/p>\n<p>Din (f\u00f6retag\/kontaktperson)<\/p>\n<hr \/>\n<p>V\u00e4nligen<\/p>\n<p>K\u00e4ra herr &#8230;, \/ K\u00e4ra fru &#8230;,<\/p>\n<p>Vi skulle vilja ge dig en speciell julklapp. Eftersom vi vet hur mycket du tycker om det franska k\u00f6ket, har vi valt denna kokbok f\u00f6r dig. P\u00e5 s\u00e5 s\u00e4tt kan du n\u00e4r som helst ta med dig en bit av Frankrike hem till dig sj\u00e4lv.<\/p>\n<p>Vi \u00f6nskar dig en god jul och ett gott nytt \u00e5r!<\/p>\n<p>Din\/Din (f\u00f6retag, kontaktperson)<\/p>\n<hr \/>\n<p>K\u00e4ra &#8230;!<\/p>\n<p>&#8221;R\u00f6tt vin \u00e4r en av de b\u00e4sta g\u00e5vorna till gamla pojkar.&#8221; Det sa redan Wilhelm Busch och det finns inget att till\u00e4gga till det. Tack f\u00f6r alla upp- och nedg\u00e5ngar som vi har upplevt tillsammans i \u00e5rtionden!<\/p>\n<p>I denna anda \u00f6nskar jag dig och din familj en riktigt god jul!<\/p>\n<p>Din \/ Din (f\u00f6retag \/ kontaktperson)<\/p>\n<hr \/>\n<p>V\u00e4nligen<\/p>\n<p>K\u00e4ra herr &#8230;, \/ K\u00e4ra fru &#8230;,<\/p>\n<p>Tack s\u00e5 mycket f\u00f6r ditt f\u00f6rtroende f\u00f6r oss! Som ett litet bevis p\u00e5 v\u00e5r tacksamhet \u00f6verl\u00e4mnar vi v\u00e5ra julh\u00e4lsningar, som vi hoppas kommer att underl\u00e4tta din dagliga planering!<\/p>\n<p>Vi \u00f6nskar dig en god jul och ett gott nytt \u00e5r!<\/p>\n<p>Din (f\u00f6retag\/kontaktperson)<\/p>\n<hr \/>\n<p>V\u00e4nligen<\/p>\n<p>K\u00e4ra herr &#8230;, \/ K\u00e4ra fru &#8230;,<\/p>\n<p>\u00c4r det jul igen? Inte riktigt \u00e4n, men snart. F\u00f6r att \u00f6ka din f\u00f6rv\u00e4ntan p\u00e5 den mest underbara av alla h\u00f6gtider, har vi bifogat en liten sak med detta kort. Vi hoppas att ni tycker om det!<\/p>\n<p>Vi ses snart igen p\u00e5 det nya \u00e5ret!<\/p>\n<p>Din\/Din (f\u00f6retag, kontaktperson)<\/p>\n<h4>Julh\u00e4lsningar f\u00f6retag utan g\u00e5va<\/h4>\n<p>K\u00e4ra herr &#8230;, \/ K\u00e4ra fru &#8230;,<\/p>\n<p>Nu har den lugna tiden kommit igen, n\u00e4r vi alla tar en stund att reflektera \u00f6ver det v\u00e4sentliga. F\u00f6r oss inkluderar detta \u00e4ven p\u00e5litliga partnerskap, utan vilka framg\u00e5ngen f\u00f6r v\u00e5rt f\u00f6retag skulle vara ot\u00e4nkbar.<\/p>\n<p>Vi kan skatta oss lyckliga \u00f6ver att du \u00e4ven i \u00e5r har st\u00e5tt vid v\u00e5r sida. Trevlig helg till dig och din familj!<\/p>\n<p>Din\/Din (f\u00f6retag, kontaktperson)<\/p>\n<hr \/>\n<p>&#8230;<\/p>\n<p>K\u00e4ra &#8230;, \/ K\u00e4ra &#8230;,<\/p>\n<p>vi \u00e4r alla fortfarande glada \u00f6ver den entusiasm med vilken du r\u00e4ddade v\u00e5rt projekt fr\u00e5n vad vi trodde var en s\u00e4ker underg\u00e5ng. Det var helt enkelt fantastiskt!<\/p>\n<p>P\u00e5 hela teamets v\u00e4gnar \u00f6nskar jag er en god jul och en str\u00e5lande start p\u00e5 det nya \u00e5ret! Och naturligtvis hoppas vi att du kommer tillbaka till n\u00e4sta projekt!<\/p>\n<p>Din XY fr\u00e5n XY-projektteamet<\/p>\n<hr \/>\n<p>K\u00e4ra Mr.<\/p>\n<p>K\u00e4ra herr &#8230;, \/ K\u00e4ra fru &#8230;,<\/p>\n<p>vi \u00f6nskar dig och din personal en magisk semesters\u00e4song och avkopplande semester! Kom v\u00e4l in i det nya \u00e5ret och framf\u00f6r allt h\u00e5ll dig frisk!<\/p>\n<p>Med v\u00e4nliga h\u00e4lsningar \/ Yours (f\u00f6retag \/ kontaktperson)<\/p>\n<hr \/>\n<p>K\u00e4ra herr &#8230;, \/ K\u00e4ra fru &#8230;,<\/p>\n<p>Tack s\u00e5 mycket f\u00f6r det utm\u00e4rkta samarbetet under \u00e5ret som n\u00e4rmar sig sitt slut! Ha en bra vila under semestern och njut av de kontemplativa timmarna med din familj!<\/p>\n<p>Med v\u00e4nlig h\u00e4lsning \/ Yours (f\u00f6retag \/ kontaktperson)<\/p>\n<h4>Julkort med meddelande om donation<\/h4>\n<p>K\u00e4ra &#8230;, \/ K\u00e4ra &#8230;,<\/p>\n<p>Advent \u00e4r alltid en tid f\u00f6r reflektion. Och under den h\u00e4r tiden har vi insett att vi i grund och botten har det v\u00e4ldigt bra &#8211; och att det tyv\u00e4rr finns m\u00e5nga m\u00e4nniskor i v\u00e4rlden som inte har det.<\/p>\n<p>D\u00e4rf\u00f6r har vi i \u00e5r k\u00f6pt leksaker och godis till barn och packat dem i l\u00e5dor f\u00f6r kampanjen &#8221;Jul i skokartong&#8221;.<\/p>\n<p>Vi hoppas att detta ocks\u00e5 \u00e4r i din anda och \u00f6nskar dig och dina n\u00e4ra och k\u00e4ra en underbar jul med mycket tid f\u00f6r dig och en bra start p\u00e5 det nya \u00e5ret!<\/p>\n<p>Er &#8230; \/ Er &#8230; (f\u00f6retag, kontaktperson)<\/p>\n<hr \/>\n<p>K\u00e4ra herr &#8230;, \/ K\u00e4ra fru &#8230;,<\/p>\n<p>vi \u00f6nskar dig och din familj en god jul med m\u00e5nga underbara stunder och ett gott nytt \u00e5r!<\/p>\n<p>Du kanske blir f\u00f6rv\u00e5nad \u00f6ver att du inte f\u00e5r en g\u00e5va fr\u00e5n oss idag. Det beror p\u00e5 att vi i \u00e5r har beslutat att ge g\u00e5vor till m\u00e4nniskor som inte \u00e4r lika gynnade av livet som vi \u00e4r. D\u00e4rf\u00f6r g\u00e5r hela v\u00e5r Christkind-budget till det gemensamma projektet mellan <em>Bread for the World<\/em> och <em>Misereor<\/em>.<\/p>\n<p>Hur mycket vi uppskattar dig som v\u00e5r l\u00e5ngvariga kund kan \u00e4nd\u00e5 inte uttryckas enbart med g\u00e5vor. Vi ser fram emot att ge dig v\u00e5r b\u00e4sta service under de kommande \u00e5ren.<\/p>\n<p>Din\/Din (f\u00f6retag, kontaktperson)<\/p>\n<hr \/>\n<p>V\u00e4nligen<\/p>\n<p>K\u00e4ra herr &#8230;, \/ K\u00e4ra fru &#8230;,<\/p>\n<p>Med denna julh\u00e4lsning vill vi tacka dig s\u00e5 mycket f\u00f6r det f\u00f6rtroende du har visat v\u00e5rt f\u00f6retag \u00e4ven i \u00e5r. Vi \u00f6nskar dig en avkopplande semester och ett gott nytt \u00e5r!<\/p>\n<p>Vi har inte gl\u00f6mt din g\u00e5va, men i \u00e5r skulle vi vilja anv\u00e4nda den budget som \u00f6ronm\u00e4rkts f\u00f6r den p\u00e5 ett annat s\u00e4tt f\u00f6r ett visst tillf\u00e4lle.<\/p>\n<p>Ni har s\u00e4kert ocks\u00e5 h\u00f6rt att v\u00e5rt distrikt drabbades av en stor \u00f6versv\u00e4mning f\u00f6r tv\u00e5 m\u00e5nader sedan och att m\u00e5nga hus blev obeboeliga. Med v\u00e5r donation vill vi se till att de drabbade familjerna trots allt kan fira en underbar jul.<\/p>\n<p>Tack f\u00f6r din f\u00f6rst\u00e5else!<\/p>\n<p>Med v\u00e4nliga h\u00e4lsningar<\/p>\n<p>Din\/Din (f\u00f6retag, kontaktperson)<\/p>\n<h4>Texter utan uttrycklig julreferens<\/h4>\n<p>K\u00e4ra herr &#8230;, \/ K\u00e4ra fru &#8230;,<\/p>\n<p>\u00c4nnu ett \u00e5r har g\u00e5tt. Vi vill tacka dig f\u00f6r det utm\u00e4rkta samarbetet under de senaste tolv m\u00e5naderna!<\/p>\n<p>Njut av semestern och \u00e5terh\u00e4mta dig v\u00e4l fr\u00e5n det extremt h\u00e4ndelserika verksamhets\u00e5ret! Vi ser fram emot att v\u00e4lkomna dig igen 20XX.<\/p>\n<p>Din\/Din (f\u00f6retag, kontaktperson)<\/p>\n<hr \/>\n<p>V\u00e4nligen<\/p>\n<p>K\u00e4ra herr &#8230;, \/ K\u00e4ra fru &#8230;,<\/p>\n<p>som tiden flyger. Knappt har det blivit sommar f\u00f6rr\u00e4n dagarna blir kortare och det luktar sn\u00f6 i luften.<\/p>\n<p>Unna dig lite v\u00e4lf\u00f6rtj\u00e4nt ledighet mellan \u00e5ren. Vi hoppas att v\u00e5r bifogade g\u00e5va ska ge ett litet bidrag till detta. Och att du kommer att st\u00f6dja oss i v\u00e5ra projekt \u00e4ven under det nya \u00e5ret!<\/p>\n<p>Din\/Din (f\u00f6retag, kontaktperson)<\/p>\n<hr \/>\n<p>V\u00e4nligen<\/p>\n<p>K\u00e4ra herr &#8230;, \/ K\u00e4ra fru &#8230;,<\/p>\n<p>Jag \u00f6nskar dig och din personal en lugn och avkopplande semester och en bra start p\u00e5 det nya \u00e5ret! Detta \u00e4r vad ledningen f\u00f6r kompetensteamet och hela personalen \u00f6nskar dig.<\/p>\n<p>Tack s\u00e5 mycket f\u00f6r det f\u00f6rtroende ni har visat oss, s\u00e4rskilt i \u00e5r. Vi \u00e4r mycket glada \u00f6ver att f\u00e5 vara en del av XX-projektet \u00e4ven under det nya \u00e5ret.<\/p>\n<p>Tills vidare, v\u00e4nliga h\u00e4lsningar<br \/>\nDin\/Din (f\u00f6retag, kontaktperson)<\/p>\n<h4>Tilltalande citat f\u00f6r kort och julh\u00e4lsningar<\/h4>\n<p><strong>T\u00e4nksamt<\/strong><\/p>\n<ul>\n<li>Julens hemlighet<\/li>\n<li>Julens hemlighet \u00e4r att vi i v\u00e5rt s\u00f6kande efter det stora och extraordin\u00e4ra pekar p\u00e5 det oansenliga och lilla. (ok\u00e4nd)<\/li>\n<li>Jul \u00e4r inte en \u00e5rstid. Det \u00e4r en k\u00e4nsla. (Edna Ferber)<\/li>\n<li>Julljusen lyser igen och trollar fram gl\u00e4dje i alla hj\u00e4rtan. (ok\u00e4nd)<\/li>\n<li>Ingen kan k\u00f6pa de dyrbaraste g\u00e5vorna, och \u00e4nd\u00e5 har alla r\u00e5d med dem. (Jochen Mariss)<\/li>\n<li>Det finns ett uppfyllt liv trots m\u00e5nga ouppfyllda \u00f6nskningar. (Dietrich Bonhoeffer)<\/li>\n<li>N\u00e4r vi inser att den tid vi tar oss f\u00f6r en annan m\u00e4nniska \u00e4r det v\u00e4rdefullaste vi kan ge, d\u00e5 har vi f\u00f6rst\u00e5tt julens mening. (Roswitha Bloch)<\/li>\n<li>Det \u00e4r den heliga nattens mirakel, att i jordens m\u00f6rker skiner den ljusa solen. (Friedrich von Bodelschwingh)<\/li>\n<li>Du kan bara f\u00e5 frid om du ger den. (Marie von Ebner-Eschenbach)<\/li>\n<\/ul>\n<p><strong>Dikter<\/strong><\/p>\n<ul>\n<li>Tid f\u00f6r k\u00e4rlek och k\u00e4nsla,<br \/>\nidag \u00e4r det bara ute som det \u00e4r svalt!<br \/>\nLevande ljus och doften av kakor,<br \/>\nJulen ligger i luften!<br \/>\n(ok\u00e4nd)<\/li>\n<li>Julens budskap:<br \/>\nDet finns ingen st\u00f6rre kraft \u00e4n k\u00e4rleken.<br \/>\nDen \u00f6vervinner hatet<br \/>\nsom ljuset \u00f6vervinner m\u00f6rkret.<br \/>\n(Martin Luther King)<\/li>\n<li>Fr\u00e5n himlen till de djupaste skrevorna.<br \/>\nEn mild stj\u00e4rna skrattar ner.<br \/>\nFr\u00e5n granskogens dofter stiger<br \/>\nOch andas genom vinterluften,<br \/>\nOch natten blir ljus som ett stearinljus.<br \/>\n(Theodor Storm)<\/li>\n<\/ul>\n<p>[td_smart_list_end]<\/p>\n<hr class=\"f\u00e4rg-streckad\" \/>\n<p><a name=\"design\"><\/a><\/p>\n<h2>S\u00e5 h\u00e4r designar du dina julkort<\/h2>\n<figure id=\"attachment_39809\" aria-describedby=\"caption-attachment-39809\" style=\"width: 696px\" class=\"wp-caption alignnone\"><img loading=\"lazy\" decoding=\"async\" class=\"wp-image-39809 size-large\" src=\"https:\/\/www.onlineprinters.se\/blogg\/wp-content\/uploads\/2023\/11\/Weihnachtsvgruesse_individuell-696x479-1.jpg\" alt=\"En person dekorerar en &quot;god jul&quot;-skylt p\u00e5 ett tr\u00e4bord omgivet av tallkottar, prydnadsf\u00f6rem\u00e5l och en mugg med en marshmallowsn\u00f6gubbe i varm choklad, med festliga juldekorationer.\" width=\"696\" height=\"479\" \/><figcaption id=\"caption-attachment-39809\" class=\"wp-caption-text\">Du kan l\u00e5ta kreativiteten fl\u00f6da n\u00e4r du utformar dina julkort<\/figcaption><\/figure>\n<h3>1. Best\u00e4m formatet<\/h3>\n<p>En ovanlig kortform, t.ex. en gran eller en julgranskula, ser verkligen tilltalande ut och lockar dig att beh\u00e5lla h\u00e4lsningar som sticker ut fr\u00e5n m\u00e4ngden l\u00e4ngre \u00e4n vanligt. Men detta \u00e4r egentligen bara ett alternativ f\u00f6r mycket sm\u00e5 upplagor. Om du vill gl\u00e4dja hundratals kunder i juletid \u00e4r det enklast att anv\u00e4nda standardformat:<\/p>\n<ul>\n<li><img loading=\"lazy\" decoding=\"async\" class=\" wp-image-40670 alignright\" src=\"https:\/\/www.onlineprinters.se\/blogg\/wp-content\/uploads\/2023\/11\/produkt_karten-mit-effektfarben-300x300-1.png\" alt=\"Ljusbl\u00e5tt julkort med en silverfolie julgran och vit stj\u00e4rna. Det mindre kortet framtill har flera stiliserade tr\u00e4d i olika f\u00e4rger och sn\u00f6flingor. Cirkul\u00e4r inf\u00e4llning framh\u00e4ver gl\u00e4nsande foliestruktur p\u00e5 det stora tr\u00e4det.\" width=\"156\" height=\"156\" \/>Det <a href=\"https:\/\/www.onlineprinters.se\/k\/vikta-kort\">vikbara kortet<\/a> i DIN A6 \u00e4r formatet bland julkort och ser h\u00f6gkvalitativt ut n\u00e4r papperskvaliteten har ytvikter p\u00e5 250 till 400 g\/m<sup>2<\/sup>. Blanka ytor och lite glitter passar s\u00e4rskilt bra till julen. Men en matt version ser ocks\u00e5 mycket elegant ut. I v\u00e5r onlinebutik finns ocks\u00e5 tydliga <a href=\"https:\/\/www.onlineprinters.se\/k\/vikta-julkort\">Julkort<\/a> och <a href=\"https:\/\/www.onlineprinters.se\/k\/vikta-julkort-med-effektfaerger-1\">Julkort med effektf\u00e4rger<\/a>.<\/li>\n<\/ul>\n<ul>\n<li><img loading=\"lazy\" decoding=\"async\" class=\"wp-image-40669 alignright\" src=\"https:\/\/www.onlineprinters.se\/blogg\/wp-content\/uploads\/2023\/11\/produkt_postkarte-300x300-1.png\" alt=\"Tv\u00e5 vita kort med enkla illustrationer av tre tallar och en stj\u00e4rna. Tr\u00e4den \u00e4r svarta, guld och ljusbl\u00e5, och det finns en gr\u00f6n onlineprinters logotyp i det \u00f6vre h\u00f6gra h\u00f6rnet av varje kort.\" width=\"163\" height=\"163\" \/> <a href=\"https:\/\/www.onlineprinters.se\/k\/vykort\">vykortet<\/a> i DIN A6 \u00e4r naturligtvis ocks\u00e5 en klassiker, som ocks\u00e5 \u00e4r billigast n\u00e4r det g\u00e4ller produktion och frakt. Men \u00e4ven h\u00e4r kan du l\u00e4gga till h\u00f6jdpunkter, till exempel med delvis efterbehandling av en bokstav. Eller s\u00e5 kan du v\u00e4lja <a href=\"https:\/\/www.onlineprinters.se\/k\/julpostkort\">Julvykort<\/a> eller <a href=\"https:\/\/www.onlineprinters.se\/k\/julkort-med-effektfaerger-1\">Julkort med effektf\u00e4rger<\/a>. Nackdel: Om kortet kommer till mottagaren utan kuvert och kanske lite tilltufsat, kan det g\u00f6ra ett o\u00f6nskat intryck. Det \u00e4r dock perfekt som komplement till en g\u00e5va.<\/li>\n<\/ul>\n<h3>2. Grafisk design<\/h3>\n<p>Kortens visuella utseende spelar uppenbarligen en viktig roll, vilket \u00e4r anledningen till att f\u00e4rdiga kort fr\u00e5n butikerna \u00e4r n\u00e4stan sj\u00e4lvf\u00f6rklarande. Men hur utformar man en attraktiv julh\u00e4lsning?<\/p>\n<h4>Motiv<\/h4>\n<p>Det f\u00f6rsta du b\u00f6r t\u00e4nka p\u00e5 \u00e4r <strong>motivet<\/strong>. Ska det vara n\u00e5got klassiskt eller n\u00e5got originellt? Oavsett vad du v\u00e4ljer ska det passa s\u00e5v\u00e4l ditt f\u00f6retag som dina kunder och aff\u00e4rspartners. Medan en tillverkare av trapphissar \u00e4r mer ben\u00e4gen att arbeta med konventionella julmotiv, kan den funkiga byr\u00e5n ha en tipsy ren som g\u00e5r vilse som pryder kortet. I tveksamma fall \u00e4r det b\u00e4ttre att v\u00e4lja det bepr\u00f6vade och testade \u00e4n att f\u00f6rs\u00f6ka vara innovativ.<\/p>\n<p>Kan du inte hitta n\u00e5got som uppfyller dina f\u00f6rv\u00e4ntningar? Om du anv\u00e4nder v\u00e5r <a href=\"#online-design\">online design editor<\/a> har du tillg\u00e5ng till <strong>professionella bilder fr\u00e5n Shutterstock<\/strong>. D\u00e4r hittar du s\u00e4kert ett passande motiv f\u00f6r dina julh\u00e4lsningar.<\/p>\n<h4>F\u00f6retagets logotyp<\/h4>\n<p><strong>F\u00f6retagets logotyp<\/strong> \u00e4r ocks\u00e5 viktig och b\u00f6r vara diskret f\u00f6r gratulationskort, s\u00e4rskilt f\u00f6r julh\u00e4lsningar. Den f\u00e5r under inga omst\u00e4ndigheter ing\u00e5 i sj\u00e4lva texten. Den b\u00f6r finnas p\u00e5 kuvertet och om det g\u00e4ller ett vikt kort kan den visas p\u00e5 den del som inte skrivs p\u00e5. Men \u00e4ven h\u00e4r b\u00f6r det vara litet och inte f\u00f6r dj\u00e4rvt.<\/p>\n<h4>Baksidan av vykort<\/h4>\n<p>N\u00e4r det g\u00e4ller klassiska vykort m\u00e5ste man ocks\u00e5 ta h\u00e4nsyn till <strong>baksidan<\/strong>. Om du designar det hela sj\u00e4lv m\u00e5ste du vara uppm\u00e4rksam p\u00e5 de n\u00f6dv\u00e4ndiga elementen: Rader f\u00f6r mottagarens namn, adress, land och en platsh\u00e5llare f\u00f6r frim\u00e4rket samt frankerings- och kodningszon. Det \u00e4r enkelt att g\u00f6ra med v\u00e5ra kostnadsfria mallar f\u00f6r baksidan.<\/p>\n<p><a name=\"online-design\"><\/a><\/p>\n<div class=\"anpassad-bakgrund anpassad-bakgrund-dos\">\n<p><strong>Tips: Designa julkort online och best\u00e4ll dem direkt<\/strong><img loading=\"lazy\" decoding=\"async\" class=\"alignright wp-image-40579\" src=\"https:\/\/www.onlineprinters.se\/blogg\/wp-content\/uploads\/2023\/11\/Druckprodukte-einfach-gestalten-\u2014-Mozilla-Firefox-300x190-1.jpg\" alt=\"En leende man sitter vid ett skrivbord med hj\u00e4lp av en dator och designar en onlineannons f\u00f6r en smyckef\u00f6rs\u00e4ljning. Datorsk\u00e4rmen visar smyckesbilder, f\u00e4rgalternativ och designverktyg. Hyllor och b\u00f6cker syns i bakgrunden.\" width=\"247\" height=\"157\" \/><\/p>\n<p>Det blir inte mycket mer personligt och individuellt \u00e4n s\u00e5 h\u00e4r: h\u00e4lsningar p\u00e5 helt egendesignade julkort. Med v\u00e5r <a href=\"https:\/\/www.onlineprinters.se\/c\/lp\/utforma-online\">online design editor<\/a> \u00e4r det enkelt att skapa kort.<\/p>\n<p>Du best\u00e4mmer dig f\u00f6r ett visst kort och anger upplaga, papper osv. Klicka sedan p\u00e5 <span class=\"guideline\">Skapa design online,<\/span> v\u00e4lj en layoutmall och du \u00e4r redo att s\u00e4tta ig\u00e5ng: Ladda upp dina texter, bilder och logotyp, justera f\u00e4rger och typsnitt.<\/p>\n<p>Har du <strong>inga egna bilder<\/strong>? V\u00e4lj d\u00e5 ditt motiv bland ca 20 miljoner bilder fr\u00e5n v\u00e5r samarbetspartner <strong>Shutterstock<\/strong>. De h\u00f6guppl\u00f6sta bilderna \u00e4r f\u00f6rsorterade i 70 olika \u00e4mnesomr\u00e5den och erbjuder m\u00e5nga motiv, s\u00e4rskilt f\u00f6r julen. Du kan anv\u00e4nda s\u00f6kfunktionen f\u00f6r att skr\u00e4ddarsy urvalet exakt efter dina \u00f6nskem\u00e5l.<\/p>\n<p>Du beh\u00f6ver inte installera n\u00e5got program f\u00f6r att anv\u00e4nda designeditorn online. Alla steg utf\u00f6rs i webbl\u00e4saren och \u00e4r sj\u00e4lvf\u00f6rklarande eller f\u00f6rklarade. Resultatet \u00e4r en individuell karta som \u00e4r skr\u00e4ddarsydd f\u00f6r ditt f\u00f6retag och din m\u00e5lgrupp.<\/p>\n<p><a href=\"https:\/\/www.onlineprinters.se\/c\/lp\/utforma-online\">Online design<\/a> \u00e4r tillg\u00e4ngligt f\u00f6r m\u00e5nga av v\u00e5ra produkter (t.ex. kort, visitkort eller till och med reklamartiklar).<\/p>\n<\/div>\n<h3>3. Texten<\/h3>\n<p>Framf\u00f6r allt, som f\u00f6rklarats ovan, \u00e4r den personliga touchen viktig. Naturligtvis \u00e4r det vackrast om hela texten \u00e4r skr\u00e4ddarsydd f\u00f6r respektive mottagare. Men eftersom detta bara \u00e4r m\u00f6jligt i ett f\u00e5tal fall, m\u00e5ste man hitta en allm\u00e4nt l\u00e4mplig text som kan kompletteras personligen. N\u00e5gra f\u00f6rslag p\u00e5 detta hittar du i v\u00e5ra <a href=\"#texttemplates\">textmallar<\/a>.<\/p>\n<p>Kanske letar du ocks\u00e5 fortfarande efter ett l\u00e4mpligt ordspr\u00e5k f\u00f6r framsidan av ett vikkort eller en presentlapp? S\u00e5dana korta julord hittar du i den h\u00e4r artikeln: Spr\u00e5k f\u00f6r julkort: f\u00f6rslag och gratis textmallar.<\/p>\n<div class=\"anpassad-bakgrund-gr\u00e5\">\n<p><strong>K\u00e4llor:<\/strong><\/p>\n<ul>\n<li><a href=\"https:\/\/www.weihnachtsspr\u00fcche.eu\" target=\"_blank\" rel=\"noopener noreferrer\">https:\/\/www.weihnachtsspr\u00fcche.eu<\/a><\/li>\n<li><a href=\"https:\/\/www.zitate.de\/kategorie\/Weihnachten\" target=\"_blank\" rel=\"noopener noreferrer\">https:\/\/www.zitate.de\/kategorie\/Weihnachten<\/a><\/li>\n<li><a href=\"https:\/\/www.spruch.com\/anlass\/weihnachten\">https:\/\/www.spruch.com\/anlass\/weihnachten<\/a><\/li>\n<\/ul>\n<p><strong>Avbildningar:<\/strong><\/p>\n<p>Roman Samborskyi, HabilePhotography, Bogdan Sonjachnyj, Tartila (via Shutterstock).<br \/>\nNietjuh, Rawpixel (via Pixabay)<\/p>\n<\/div>\n<p><em>Denna artikel<br \/>\n<em>Den h\u00e4r artikeln publicerades f\u00f6rsta g\u00e5ngen 2018 och uppdaterades i oktober 2023.<\/em><\/em><\/p>\n","protected":false},"excerpt":{"rendered":"<p>Julh\u00e4lsningar uttrycker uppskattning. L\u00e4s h\u00e4r hur du s\u00e4tter r\u00e4tt ton f\u00f6r kunder och aff\u00e4rspartners.<\/p>\n","protected":false},"author":35,"featured_media":40091,"comment_status":"open","ping_status":"open","sticky":false,"template":"","format":"standard","meta":{"footnotes":""},"categories":[58],"tags":[],"class_list":["post-40076","post","type-post","status-publish","format-standard","has-post-thumbnail","hentry","category-marketing"],"yoast_head":"<!-- This site is optimized with the Yoast SEO plugin v27.5 - https:\/\/yoast.com\/product\/yoast-seo-wordpress\/ -->\n<title>Julh\u00e4lsningar: aff\u00e4rsm\u00e4ssiga och hj\u00e4rtliga - med textmallar<\/title>\n<meta name=\"description\" content=\"Hur skickar man b\u00e4st julh\u00e4lsningar till f\u00f6retag? Med v\u00e5ra kostnadsfria textmallar kommer du garanterat att tr\u00e4ffa r\u00e4tt.\" \/>\n<meta name=\"robots\" content=\"index, follow, max-snippet:-1, max-image-preview:large, max-video-preview:-1\" \/>\n<link rel=\"canonical\" href=\"https:\/\/www.onlineprinters.se\/blogg\/julhalsningar-affarer\/\" \/>\n<meta property=\"og:locale\" content=\"sv_SE\" \/>\n<meta property=\"og:type\" content=\"article\" \/>\n<meta property=\"og:title\" content=\"Julh\u00e4lsningar &#8211; aff\u00e4rsm\u00e4ssiga och hj\u00e4rtliga p\u00e5 samma g\u00e5ng\" \/>\n<meta property=\"og:description\" content=\"Wir haben kostenlose Textvorlagen f\u00fcr gesch\u00e4ftliche, aber herzliche Gr\u00fc\u00dfe in der Adventszeit zusammengestellt.\" \/>\n<meta property=\"og:url\" content=\"https:\/\/www.onlineprinters.se\/blogg\/julhalsningar-affarer\/\" \/>\n<meta property=\"og:site_name\" content=\"onlineprinters.se Blogg\" \/>\n<meta property=\"article:published_time\" content=\"2023-11-14T08:00:52+00:00\" \/>\n<meta property=\"article:modified_time\" content=\"2025-04-28T12:30:38+00:00\" \/>\n<meta name=\"author\" content=\"Iris\" \/>\n<meta name=\"twitter:card\" content=\"summary_large_image\" \/>\n<meta name=\"twitter:title\" content=\"Julh\u00e4lsningar &#8211; aff\u00e4rsm\u00e4ssiga och hj\u00e4rtliga p\u00e5 samma g\u00e5ng\" \/>\n<meta name=\"twitter:image\" content=\"https:\/\/www.onlineprinters.se\/blogg\/wp-content\/uploads\/2023\/11\/Beitragsbild_Weihnachtsgruesse_2023-1.jpg\" \/>\n<meta name=\"twitter:label1\" content=\"Skriven av\" \/>\n\t<meta name=\"twitter:data1\" content=\"Iris\" \/>\n\t<meta name=\"twitter:label2\" content=\"Ber\u00e4knad l\u00e4stid\" \/>\n\t<meta name=\"twitter:data2\" content=\"17 minuter\" \/>\n<script type=\"application\/ld+json\" class=\"yoast-schema-graph\">{\"@context\":\"https:\\\/\\\/schema.org\",\"@graph\":[{\"@type\":\"Article\",\"@id\":\"https:\\\/\\\/www.onlineprinters.se\\\/blogg\\\/julhalsningar-affarer\\\/#article\",\"isPartOf\":{\"@id\":\"https:\\\/\\\/www.onlineprinters.se\\\/blogg\\\/julhalsningar-affarer\\\/\"},\"author\":{\"name\":\"Iris\",\"@id\":\"https:\\\/\\\/www.onlineprinters.se\\\/blogg\\\/#\\\/schema\\\/person\\\/3f3554305458acdf09c236081f1a26fe\"},\"headline\":\"Julh\u00e4lsningar &#8211; aff\u00e4rsm\u00e4ssiga och hj\u00e4rtliga p\u00e5 samma g\u00e5ng\",\"datePublished\":\"2023-11-14T08:00:52+00:00\",\"dateModified\":\"2025-04-28T12:30:38+00:00\",\"mainEntityOfPage\":{\"@id\":\"https:\\\/\\\/www.onlineprinters.se\\\/blogg\\\/julhalsningar-affarer\\\/\"},\"wordCount\":3524,\"commentCount\":0,\"image\":{\"@id\":\"https:\\\/\\\/www.onlineprinters.se\\\/blogg\\\/julhalsningar-affarer\\\/#primaryimage\"},\"thumbnailUrl\":\"https:\\\/\\\/www.onlineprinters.se\\\/blogg\\\/wp-content\\\/uploads\\\/2023\\\/11\\\/Beitragsbild_Weihnachtsgruesse_2023-1.jpg\",\"articleSection\":[\"Marketing\"],\"inLanguage\":\"sv-SE\",\"potentialAction\":[{\"@type\":\"CommentAction\",\"name\":\"Comment\",\"target\":[\"https:\\\/\\\/www.onlineprinters.se\\\/blogg\\\/julhalsningar-affarer\\\/#respond\"]}]},{\"@type\":\"WebPage\",\"@id\":\"https:\\\/\\\/www.onlineprinters.se\\\/blogg\\\/julhalsningar-affarer\\\/\",\"url\":\"https:\\\/\\\/www.onlineprinters.se\\\/blogg\\\/julhalsningar-affarer\\\/\",\"name\":\"Julh\u00e4lsningar: aff\u00e4rsm\u00e4ssiga och hj\u00e4rtliga - med textmallar\",\"isPartOf\":{\"@id\":\"https:\\\/\\\/www.onlineprinters.se\\\/blogg\\\/#website\"},\"primaryImageOfPage\":{\"@id\":\"https:\\\/\\\/www.onlineprinters.se\\\/blogg\\\/julhalsningar-affarer\\\/#primaryimage\"},\"image\":{\"@id\":\"https:\\\/\\\/www.onlineprinters.se\\\/blogg\\\/julhalsningar-affarer\\\/#primaryimage\"},\"thumbnailUrl\":\"https:\\\/\\\/www.onlineprinters.se\\\/blogg\\\/wp-content\\\/uploads\\\/2023\\\/11\\\/Beitragsbild_Weihnachtsgruesse_2023-1.jpg\",\"datePublished\":\"2023-11-14T08:00:52+00:00\",\"dateModified\":\"2025-04-28T12:30:38+00:00\",\"author\":{\"@id\":\"https:\\\/\\\/www.onlineprinters.se\\\/blogg\\\/#\\\/schema\\\/person\\\/3f3554305458acdf09c236081f1a26fe\"},\"description\":\"Hur skickar man b\u00e4st julh\u00e4lsningar till f\u00f6retag? Med v\u00e5ra kostnadsfria textmallar kommer du garanterat att tr\u00e4ffa r\u00e4tt.\",\"inLanguage\":\"sv-SE\",\"potentialAction\":[{\"@type\":\"ReadAction\",\"target\":[\"https:\\\/\\\/www.onlineprinters.se\\\/blogg\\\/julhalsningar-affarer\\\/\"]}]},{\"@type\":\"ImageObject\",\"inLanguage\":\"sv-SE\",\"@id\":\"https:\\\/\\\/www.onlineprinters.se\\\/blogg\\\/julhalsningar-affarer\\\/#primaryimage\",\"url\":\"https:\\\/\\\/www.onlineprinters.se\\\/blogg\\\/wp-content\\\/uploads\\\/2023\\\/11\\\/Beitragsbild_Weihnachtsgruesse_2023-1.jpg\",\"contentUrl\":\"https:\\\/\\\/www.onlineprinters.se\\\/blogg\\\/wp-content\\\/uploads\\\/2023\\\/11\\\/Beitragsbild_Weihnachtsgruesse_2023-1.jpg\",\"width\":1068,\"height\":580},{\"@type\":\"WebSite\",\"@id\":\"https:\\\/\\\/www.onlineprinters.se\\\/blogg\\\/#website\",\"url\":\"https:\\\/\\\/www.onlineprinters.se\\\/blogg\\\/\",\"name\":\"onlineprinters.se Blogg\",\"description\":\"\",\"potentialAction\":[{\"@type\":\"SearchAction\",\"target\":{\"@type\":\"EntryPoint\",\"urlTemplate\":\"https:\\\/\\\/www.onlineprinters.se\\\/blogg\\\/?s={search_term_string}\"},\"query-input\":{\"@type\":\"PropertyValueSpecification\",\"valueRequired\":true,\"valueName\":\"search_term_string\"}}],\"inLanguage\":\"sv-SE\"},{\"@type\":\"Person\",\"@id\":\"https:\\\/\\\/www.onlineprinters.se\\\/blogg\\\/#\\\/schema\\\/person\\\/3f3554305458acdf09c236081f1a26fe\",\"name\":\"Iris\",\"image\":{\"@type\":\"ImageObject\",\"inLanguage\":\"sv-SE\",\"@id\":\"https:\\\/\\\/www.onlineprinters.se\\\/blogg\\\/wp-content\\\/plugins\\\/wp-user-avatar\\\/deprecated\\\/wp-user-avatar\\\/images\\\/wpua-96x96.png\",\"url\":\"https:\\\/\\\/www.onlineprinters.se\\\/blogg\\\/wp-content\\\/plugins\\\/wp-user-avatar\\\/deprecated\\\/wp-user-avatar\\\/images\\\/wpua-96x96.png\",\"contentUrl\":\"https:\\\/\\\/www.onlineprinters.se\\\/blogg\\\/wp-content\\\/plugins\\\/wp-user-avatar\\\/deprecated\\\/wp-user-avatar\\\/images\\\/wpua-96x96.png\",\"caption\":\"Iris\"},\"url\":\"https:\\\/\\\/www.onlineprinters.se\\\/blogg\\\/author\\\/iris\\\/\"}]}<\/script>\n<!-- \/ Yoast SEO plugin. -->","yoast_head_json":{"title":"Julh\u00e4lsningar: aff\u00e4rsm\u00e4ssiga och hj\u00e4rtliga - med textmallar","description":"Hur skickar man b\u00e4st julh\u00e4lsningar till f\u00f6retag? Med v\u00e5ra kostnadsfria textmallar kommer du garanterat att tr\u00e4ffa r\u00e4tt.","robots":{"index":"index","follow":"follow","max-snippet":"max-snippet:-1","max-image-preview":"max-image-preview:large","max-video-preview":"max-video-preview:-1"},"canonical":"https:\/\/www.onlineprinters.se\/blogg\/julhalsningar-affarer\/","og_locale":"sv_SE","og_type":"article","og_title":"Julh\u00e4lsningar &#8211; aff\u00e4rsm\u00e4ssiga och hj\u00e4rtliga p\u00e5 samma g\u00e5ng","og_description":"Wir haben kostenlose Textvorlagen f\u00fcr gesch\u00e4ftliche, aber herzliche Gr\u00fc\u00dfe in der Adventszeit zusammengestellt.","og_url":"https:\/\/www.onlineprinters.se\/blogg\/julhalsningar-affarer\/","og_site_name":"onlineprinters.se Blogg","article_published_time":"2023-11-14T08:00:52+00:00","article_modified_time":"2025-04-28T12:30:38+00:00","author":"Iris","twitter_card":"summary_large_image","twitter_title":"Julh\u00e4lsningar &#8211; aff\u00e4rsm\u00e4ssiga och hj\u00e4rtliga p\u00e5 samma g\u00e5ng","twitter_image":"https:\/\/www.onlineprinters.se\/blogg\/wp-content\/uploads\/2023\/11\/Beitragsbild_Weihnachtsgruesse_2023-1.jpg","twitter_misc":{"Skriven av":"Iris","Ber\u00e4knad l\u00e4stid":"17 minuter"},"schema":{"@context":"https:\/\/schema.org","@graph":[{"@type":"Article","@id":"https:\/\/www.onlineprinters.se\/blogg\/julhalsningar-affarer\/#article","isPartOf":{"@id":"https:\/\/www.onlineprinters.se\/blogg\/julhalsningar-affarer\/"},"author":{"name":"Iris","@id":"https:\/\/www.onlineprinters.se\/blogg\/#\/schema\/person\/3f3554305458acdf09c236081f1a26fe"},"headline":"Julh\u00e4lsningar &#8211; aff\u00e4rsm\u00e4ssiga och hj\u00e4rtliga p\u00e5 samma g\u00e5ng","datePublished":"2023-11-14T08:00:52+00:00","dateModified":"2025-04-28T12:30:38+00:00","mainEntityOfPage":{"@id":"https:\/\/www.onlineprinters.se\/blogg\/julhalsningar-affarer\/"},"wordCount":3524,"commentCount":0,"image":{"@id":"https:\/\/www.onlineprinters.se\/blogg\/julhalsningar-affarer\/#primaryimage"},"thumbnailUrl":"https:\/\/www.onlineprinters.se\/blogg\/wp-content\/uploads\/2023\/11\/Beitragsbild_Weihnachtsgruesse_2023-1.jpg","articleSection":["Marketing"],"inLanguage":"sv-SE","potentialAction":[{"@type":"CommentAction","name":"Comment","target":["https:\/\/www.onlineprinters.se\/blogg\/julhalsningar-affarer\/#respond"]}]},{"@type":"WebPage","@id":"https:\/\/www.onlineprinters.se\/blogg\/julhalsningar-affarer\/","url":"https:\/\/www.onlineprinters.se\/blogg\/julhalsningar-affarer\/","name":"Julh\u00e4lsningar: aff\u00e4rsm\u00e4ssiga och hj\u00e4rtliga - med textmallar","isPartOf":{"@id":"https:\/\/www.onlineprinters.se\/blogg\/#website"},"primaryImageOfPage":{"@id":"https:\/\/www.onlineprinters.se\/blogg\/julhalsningar-affarer\/#primaryimage"},"image":{"@id":"https:\/\/www.onlineprinters.se\/blogg\/julhalsningar-affarer\/#primaryimage"},"thumbnailUrl":"https:\/\/www.onlineprinters.se\/blogg\/wp-content\/uploads\/2023\/11\/Beitragsbild_Weihnachtsgruesse_2023-1.jpg","datePublished":"2023-11-14T08:00:52+00:00","dateModified":"2025-04-28T12:30:38+00:00","author":{"@id":"https:\/\/www.onlineprinters.se\/blogg\/#\/schema\/person\/3f3554305458acdf09c236081f1a26fe"},"description":"Hur skickar man b\u00e4st julh\u00e4lsningar till f\u00f6retag? Med v\u00e5ra kostnadsfria textmallar kommer du garanterat att tr\u00e4ffa r\u00e4tt.","inLanguage":"sv-SE","potentialAction":[{"@type":"ReadAction","target":["https:\/\/www.onlineprinters.se\/blogg\/julhalsningar-affarer\/"]}]},{"@type":"ImageObject","inLanguage":"sv-SE","@id":"https:\/\/www.onlineprinters.se\/blogg\/julhalsningar-affarer\/#primaryimage","url":"https:\/\/www.onlineprinters.se\/blogg\/wp-content\/uploads\/2023\/11\/Beitragsbild_Weihnachtsgruesse_2023-1.jpg","contentUrl":"https:\/\/www.onlineprinters.se\/blogg\/wp-content\/uploads\/2023\/11\/Beitragsbild_Weihnachtsgruesse_2023-1.jpg","width":1068,"height":580},{"@type":"WebSite","@id":"https:\/\/www.onlineprinters.se\/blogg\/#website","url":"https:\/\/www.onlineprinters.se\/blogg\/","name":"onlineprinters.se Blogg","description":"","potentialAction":[{"@type":"SearchAction","target":{"@type":"EntryPoint","urlTemplate":"https:\/\/www.onlineprinters.se\/blogg\/?s={search_term_string}"},"query-input":{"@type":"PropertyValueSpecification","valueRequired":true,"valueName":"search_term_string"}}],"inLanguage":"sv-SE"},{"@type":"Person","@id":"https:\/\/www.onlineprinters.se\/blogg\/#\/schema\/person\/3f3554305458acdf09c236081f1a26fe","name":"Iris","image":{"@type":"ImageObject","inLanguage":"sv-SE","@id":"https:\/\/www.onlineprinters.se\/blogg\/wp-content\/plugins\/wp-user-avatar\/deprecated\/wp-user-avatar\/images\/wpua-96x96.png","url":"https:\/\/www.onlineprinters.se\/blogg\/wp-content\/plugins\/wp-user-avatar\/deprecated\/wp-user-avatar\/images\/wpua-96x96.png","contentUrl":"https:\/\/www.onlineprinters.se\/blogg\/wp-content\/plugins\/wp-user-avatar\/deprecated\/wp-user-avatar\/images\/wpua-96x96.png","caption":"Iris"},"url":"https:\/\/www.onlineprinters.se\/blogg\/author\/iris\/"}]}},"_links":{"self":[{"href":"https:\/\/www.onlineprinters.se\/blogg\/wp-json\/wp\/v2\/posts\/40076","targetHints":{"allow":["GET"]}}],"collection":[{"href":"https:\/\/www.onlineprinters.se\/blogg\/wp-json\/wp\/v2\/posts"}],"about":[{"href":"https:\/\/www.onlineprinters.se\/blogg\/wp-json\/wp\/v2\/types\/post"}],"author":[{"embeddable":true,"href":"https:\/\/www.onlineprinters.se\/blogg\/wp-json\/wp\/v2\/users\/35"}],"replies":[{"embeddable":true,"href":"https:\/\/www.onlineprinters.se\/blogg\/wp-json\/wp\/v2\/comments?post=40076"}],"version-history":[{"count":14,"href":"https:\/\/www.onlineprinters.se\/blogg\/wp-json\/wp\/v2\/posts\/40076\/revisions"}],"predecessor-version":[{"id":40289,"href":"https:\/\/www.onlineprinters.se\/blogg\/wp-json\/wp\/v2\/posts\/40076\/revisions\/40289"}],"wp:featuredmedia":[{"embeddable":true,"href":"https:\/\/www.onlineprinters.se\/blogg\/wp-json\/wp\/v2\/media\/40091"}],"wp:attachment":[{"href":"https:\/\/www.onlineprinters.se\/blogg\/wp-json\/wp\/v2\/media?parent=40076"}],"wp:term":[{"taxonomy":"category","embeddable":true,"href":"https:\/\/www.onlineprinters.se\/blogg\/wp-json\/wp\/v2\/categories?post=40076"},{"taxonomy":"post_tag","embeddable":true,"href":"https:\/\/www.onlineprinters.se\/blogg\/wp-json\/wp\/v2\/tags?post=40076"}],"curies":[{"name":"wp","href":"https:\/\/api.w.org\/{rel}","templated":true}]}}