{"id":7319,"date":"2019-01-02T10:00:55","date_gmt":"2019-01-02T09:00:55","guid":{"rendered":"https:\/\/www.diedruckerei.de\/magazin\/?p=7319"},"modified":"2025-04-28T14:26:08","modified_gmt":"2025-04-28T12:26:08","slug":"pop-up-tower-reklampelare","status":"publish","type":"post","link":"https:\/\/www.onlineprinters.se\/blogg\/pop-up-tower-reklampelare\/","title":{"rendered":"Pop-up-tower: En reklampelare f\u00f6r 360\u00b0-kommunikation"},"content":{"rendered":"<p>M\u00e4ssv\u00e4ggar, rollups, banderoller \u2013 det \u00e4r klassiker bland m\u00e4ssystem. Som ett 360\u00b0 medium och runtom m\u00e4ssystem erbjuder s\u00e5 kallade &#8221;pop-up tower&#8221; en v\u00e4lkommen omv\u00e4xling. Vad denna 2 m h\u00f6ga annonspelare handlar om och vad som m\u00e5ste beaktas vid utformningen av detta m\u00e4ssystem, f\u00f6rklarar vi i denna Tutorial.<\/p>\n<p><!--more--><\/p>\n<p>Den \u00e4r 2,25 m h\u00f6g med en diameter p\u00e5 64 cm. F\u00f6r designers, m\u00e4rkesambassad\u00f6rer och kreativa m\u00e4nniskor, erbjuder det ett utformningsomr\u00e5de p\u00e5 n\u00e4stan 5 m\u00b2. Och den kan monteras helt verktygsl\u00f6st. Det \u00e4r ett magnetiskt m\u00e4ssystem av s\u00e4rskilt slag: pop-up-tower.<\/p>\n<p>Utformningsytan f\u00f6r pop-up-tower, \u00e4r uppdelad i tre lika stora PVC-banor. Banorna \u00e4r fastsatta runt gallersystemet med magnetband och magnetl\u00e5s. Detta resulterar i en smidig, n\u00e4stan s\u00f6ml\u00f6s reklamyta.<\/p>\n<p><a href=\"https:\/\/www.onlineprinters.se\/blogg\/wp-content\/uploads\/2018\/06\/2-pop-up-tower_Design-area.jpg\"><img loading=\"lazy\" decoding=\"async\" class=\"td-modal-image alignnone wp-image-11066 size-full\" src=\"https:\/\/www.onlineprinters.se\/blogg\/wp-content\/uploads\/2018\/06\/2-pop-up-tower_Design-area.jpg\" alt=\"En m\u00f6rk bakgrund med ONLINEPRINTERS-logotypen ovanf\u00f6r ett diagram med tre vertikala gr\u00e5 paneler. Panelerna \u00e4r tillsammans 201,6 cm breda och 223,6 cm h\u00f6ga, vilket indikeras av vita pilar och etiketter.\" width=\"1280\" height=\"720\" srcset=\"https:\/\/www.onlineprinters.se\/blogg\/wp-content\/uploads\/2018\/06\/2-pop-up-tower_Design-area.jpg 300w, https:\/\/www.onlineprinters.se\/blogg\/wp-content\/uploads\/2018\/06\/2-pop-up-tower_Design-area.jpg 1024w, https:\/\/www.onlineprinters.se\/blogg\/wp-content\/uploads\/2018\/06\/2-pop-up-tower_Design-area.jpg 768w, https:\/\/www.onlineprinters.se\/blogg\/wp-content\/uploads\/2018\/06\/2-pop-up-tower_Design-area.jpg 696w, https:\/\/www.onlineprinters.se\/blogg\/wp-content\/uploads\/2018\/06\/2-pop-up-tower_Design-area.jpg 1068w, https:\/\/www.onlineprinters.se\/blogg\/wp-content\/uploads\/2018\/06\/2-pop-up-tower_Design-area.jpg 747w, https:\/\/www.onlineprinters.se\/blogg\/wp-content\/uploads\/2018\/06\/2-pop-up-tower_Design-area.jpg 1280w\" sizes=\"auto, (max-width: 1280px) 100vw, 1280px\" \/><\/a><\/p>\n<p>Det anv\u00e4nda tryckmaterialet \u00e4r PVC med eller utan laminering. Detta \u00e5terger f\u00e4rger och design tydligt och kan l\u00e4tt reng\u00f6ras med ljummet vatten och en mjuk trasa.<\/p>\n<h3>Nyckeldata f\u00f6r Pop-up-Towers:<\/h3>\n<ul>\n<li>F\u00e4llbart gallersystem av mattsvart aluminium med g\u00e5ngj\u00e4rn och magnetl\u00e5s<\/li>\n<li>Tre tryckbanor med en bredd p\u00e5 respektive 67,2 cm och en h\u00f6jd p\u00e5 223,6 cm<\/li>\n<li>Tryckets totalformat: 223,6 x 201,6 cm<\/li>\n<li>Tryckmaterial: 350 \u03bcm PVC (sidenblankt) eller 440 \u03bcm PVC inklusive laminering<\/li>\n<li>Vikt: ca. 16,5 kg<\/li>\n<li>Med transportvagn med separat f\u00f6rvaring av tryckbanor<\/li>\n<\/ul>\n<h2>Designtips f\u00f6r Pop-up-Tower<\/h2>\n<p><a href=\"https:\/\/www.onlineprinters.se\/blogg\/wp-content\/uploads\/2018\/06\/3-pop-up-tower_Design-tips.jpg\"><img loading=\"lazy\" decoding=\"async\" class=\"td-modal-image alignnone wp-image-11067 size-full\" src=\"https:\/\/www.onlineprinters.se\/blogg\/wp-content\/uploads\/2018\/06\/3-pop-up-tower_Design-tips.jpg\" alt=\"V\u00e4ggkonst med tre paneler med ett bergslandskap med sn\u00f6t\u00e4ckta toppar, bl\u00e5 himmel och h\u00f6sttr\u00e4d, visad med m\u00e5tten: 201,6 cm bred och 223,6 cm h\u00f6g, under ONLINEPRINTERS-logotypen p\u00e5 en m\u00f6rk bakgrund.\" width=\"1280\" height=\"720\" srcset=\"https:\/\/www.onlineprinters.se\/blogg\/wp-content\/uploads\/2018\/06\/3-pop-up-tower_Design-tips.jpg 300w, https:\/\/www.onlineprinters.se\/blogg\/wp-content\/uploads\/2018\/06\/3-pop-up-tower_Design-tips.jpg 1024w, https:\/\/www.onlineprinters.se\/blogg\/wp-content\/uploads\/2018\/06\/3-pop-up-tower_Design-tips.jpg 768w, https:\/\/www.onlineprinters.se\/blogg\/wp-content\/uploads\/2018\/06\/3-pop-up-tower_Design-tips.jpg 696w, https:\/\/www.onlineprinters.se\/blogg\/wp-content\/uploads\/2018\/06\/3-pop-up-tower_Design-tips.jpg 1068w, https:\/\/www.onlineprinters.se\/blogg\/wp-content\/uploads\/2018\/06\/3-pop-up-tower_Design-tips.jpg 747w, https:\/\/www.onlineprinters.se\/blogg\/wp-content\/uploads\/2018\/06\/3-pop-up-tower_Design-tips.jpg 1280w\" sizes=\"auto, (max-width: 1280px) 100vw, 1280px\" \/><\/a><\/p>\n<p><span lang=\"SV\">I princip \u00e4r det mycket viktigt att alltid h\u00e5lla formen p\u00e5 denna reklampelare i \u00e5tanke. Det r\u00f6r sig om en cylinder med en cirkul\u00e4r bas. P\u00e5 grund av kurvaturen hos pop-up-tower ser betraktaren bara en del av ytan ur det centrala perspektivet, som annars f\u00f6rsvinner i kurvan. Ord eller texter som leder runt hela annonspelaren, kan bara l\u00e4sas om betraktaren g\u00e5r runt Pop-up-Tower ett varv.<\/span><\/p>\n<p><a href=\"https:\/\/www.onlineprinters.se\/blogg\/wp-content\/uploads\/2018\/06\/4-pop-up-tower_Logo.jpg\"><img loading=\"lazy\" decoding=\"async\" class=\"td-modal-image alignnone wp-image-11068 size-full\" src=\"https:\/\/www.onlineprinters.se\/blogg\/wp-content\/uploads\/2018\/06\/4-pop-up-tower_Logo.jpg\" alt=\"En kvadratisk vinylgrafik med bergslandskap, m\u00e4rkt LOGO i mitten. M\u00e5tt markerade som 223,6 cm h\u00f6g och 201,6 cm bred. ONLINEPRINTERS logotyp visas \u00f6verst p\u00e5 en m\u00f6rk bakgrund.\" width=\"1280\" height=\"720\" srcset=\"https:\/\/www.onlineprinters.se\/blogg\/wp-content\/uploads\/2018\/06\/4-pop-up-tower_Logo.jpg 300w, https:\/\/www.onlineprinters.se\/blogg\/wp-content\/uploads\/2018\/06\/4-pop-up-tower_Logo.jpg 1024w, https:\/\/www.onlineprinters.se\/blogg\/wp-content\/uploads\/2018\/06\/4-pop-up-tower_Logo.jpg 768w, https:\/\/www.onlineprinters.se\/blogg\/wp-content\/uploads\/2018\/06\/4-pop-up-tower_Logo.jpg 696w, https:\/\/www.onlineprinters.se\/blogg\/wp-content\/uploads\/2018\/06\/4-pop-up-tower_Logo.jpg 1068w, https:\/\/www.onlineprinters.se\/blogg\/wp-content\/uploads\/2018\/06\/4-pop-up-tower_Logo.jpg 747w, https:\/\/www.onlineprinters.se\/blogg\/wp-content\/uploads\/2018\/06\/4-pop-up-tower_Logo.jpg 1280w\" sizes=\"auto, (max-width: 1280px) 100vw, 1280px\" \/><\/a><\/p>\n<p><span lang=\"SV\">Ett hj\u00e4lpmedel f\u00f6r designen erbjuder h\u00e4r en uppdelning av utformningsomr\u00e5det i tre tryckbanor. Medan bakgrundsdesignen l\u00e4tt kan str\u00e4ckas \u00f6ver hela ytan, kan de tre tryckbanorna anv\u00e4ndas s\u00e5v\u00e4l som designavsnitt, som en naturlig begr\u00e4nsning av delomr\u00e5den f\u00f6r designen, vad g\u00e4ller ytans kurvatur.<\/span><\/p>\n<p><a href=\"https:\/\/www.onlineprinters.se\/blogg\/wp-content\/uploads\/2018\/06\/5-pop-up-tower_Logo-2.jpg\"><img loading=\"lazy\" decoding=\"async\" class=\"td-modal-image alignnone wp-image-11069 size-full\" src=\"https:\/\/www.onlineprinters.se\/blogg\/wp-content\/uploads\/2018\/06\/5-pop-up-tower_Logo-2.jpg\" alt=\"En display med tre paneler med bergslandskap, dimensioner 201,6 cm bred och 223,6 cm h\u00f6g, provlogotyp och text h\u00f6gst upp och ONLINEPRINTERS-m\u00e4rke ovan.\" width=\"1280\" height=\"720\" srcset=\"https:\/\/www.onlineprinters.se\/blogg\/wp-content\/uploads\/2018\/06\/5-pop-up-tower_Logo-2.jpg 300w, https:\/\/www.onlineprinters.se\/blogg\/wp-content\/uploads\/2018\/06\/5-pop-up-tower_Logo-2.jpg 1024w, https:\/\/www.onlineprinters.se\/blogg\/wp-content\/uploads\/2018\/06\/5-pop-up-tower_Logo-2.jpg 768w, https:\/\/www.onlineprinters.se\/blogg\/wp-content\/uploads\/2018\/06\/5-pop-up-tower_Logo-2.jpg 696w, https:\/\/www.onlineprinters.se\/blogg\/wp-content\/uploads\/2018\/06\/5-pop-up-tower_Logo-2.jpg 1068w, https:\/\/www.onlineprinters.se\/blogg\/wp-content\/uploads\/2018\/06\/5-pop-up-tower_Logo-2.jpg 747w, https:\/\/www.onlineprinters.se\/blogg\/wp-content\/uploads\/2018\/06\/5-pop-up-tower_Logo-2.jpg 1280w\" sizes=\"auto, (max-width: 1280px) 100vw, 1280px\" \/><\/a><\/p>\n<div class=\"custom-background custom-background-dos\">\n<h3 style=\"line-height: 22.5pt; background: #F3F3F3; margin: 20.25pt 0cm 12.75pt 0cm;\"><span lang=\"SV\">D<\/span><span lang=\"SV\">esign-id\u00e9: Optisk egenskap som Eyecatcher<\/span><\/h3>\n<p><span lang=\"SV\">Utformningsytans kurvatur kan emellertid ocks\u00e5 utnyttjas medvetet: kanske kommer det att locka dina (potentiella) kunder och partners att titta n\u00e4rmare p\u00e5 ditt varum\u00e4rke och ditt f\u00f6retag!<\/span><\/p>\n<\/div>\n<h2><span lang=\"SV\">Utforma ett Pop-up-Tower f\u00f6r en m\u00e4ssa<\/span><\/h2>\n<p><span lang=\"SV\">Nu g\u00e5r det till konkret utformning. Vi skapar en ren, reducerad design f\u00f6r en m\u00e4ssmonter p\u00e5 en fackm\u00e4ssa.<\/span><\/p>\n<h3><span lang=\"SV\">Steg 1: Ladda ned f\u00f6rlaga<\/span><\/h3>\n<p><a href=\"https:\/\/www.onlineprinters.se\/blogg\/wp-content\/uploads\/2018\/06\/6-pop-up-tower_Template.jpg\"><img loading=\"lazy\" decoding=\"async\" class=\"td-modal-image alignnone wp-image-11070 size-full\" src=\"https:\/\/www.onlineprinters.se\/blogg\/wp-content\/uploads\/2018\/06\/6-pop-up-tower_Template.jpg\" alt=\"En sk\u00e4rmdump av Adobe InDesign visar ett tomt dokument med tre vertikala bl\u00e5 st\u00f6dlinjer som delar upp sidan i tredjedelar. Arbetsytan inneh\u00e5ller synliga verktygsf\u00e4lt, paneler och linjalguider runt dokumentet.\" width=\"1280\" height=\"720\" srcset=\"https:\/\/www.onlineprinters.se\/blogg\/wp-content\/uploads\/2018\/06\/6-pop-up-tower_Template.jpg 300w, https:\/\/www.onlineprinters.se\/blogg\/wp-content\/uploads\/2018\/06\/6-pop-up-tower_Template.jpg 1024w, https:\/\/www.onlineprinters.se\/blogg\/wp-content\/uploads\/2018\/06\/6-pop-up-tower_Template.jpg 768w, https:\/\/www.onlineprinters.se\/blogg\/wp-content\/uploads\/2018\/06\/6-pop-up-tower_Template.jpg 696w, https:\/\/www.onlineprinters.se\/blogg\/wp-content\/uploads\/2018\/06\/6-pop-up-tower_Template.jpg 1068w, https:\/\/www.onlineprinters.se\/blogg\/wp-content\/uploads\/2018\/06\/6-pop-up-tower_Template.jpg 747w, https:\/\/www.onlineprinters.se\/blogg\/wp-content\/uploads\/2018\/06\/6-pop-up-tower_Template.jpg 1280w\" sizes=\"auto, (max-width: 1280px) 100vw, 1280px\" \/><\/a><\/p>\n<p><span lang=\"SV\">Vi arbetar med InDesign-f\u00f6rlaga, vilken vi hittar under \u201dDetaljer\u201c p\u00e5 Pop-up-Tower-produktsidan i v\u00e5r Onlineshop. Den inneh\u00e5ller alla korrekta inst\u00e4llningar f\u00f6r v\u00e5r senare tryckdata-fil: Slutformatet \u00e4r 201,6 x 223,6 cm, tillsammans med besk\u00e4rningen p\u00e5 cirka 2 mm vilket resulterar i ett dataformat p\u00e5 202,0 x 224,0 cm.<\/span><\/p>\n<p><a href=\"https:\/\/www.onlineprinters.se\/blogg\/wp-content\/uploads\/2018\/06\/7-pop-up-tower_Template-2.jpg\"><img loading=\"lazy\" decoding=\"async\" class=\"td-modal-image alignnone wp-image-11071 size-full\" src=\"https:\/\/www.onlineprinters.se\/blogg\/wp-content\/uploads\/2018\/06\/7-pop-up-tower_Template-2.jpg\" alt=\"Sk\u00e4rmdump av Adobe InDesign-arbetsytan som visar ett tomt dokument med marginal- och kolumnguider, verktygsf\u00e4lt h\u00f6gst upp och till v\u00e4nster och sidlayoutomr\u00e5det i mitten.\" width=\"1280\" height=\"720\" srcset=\"https:\/\/www.onlineprinters.se\/blogg\/wp-content\/uploads\/2018\/06\/7-pop-up-tower_Template-2.jpg 300w, https:\/\/www.onlineprinters.se\/blogg\/wp-content\/uploads\/2018\/06\/7-pop-up-tower_Template-2.jpg 1024w, https:\/\/www.onlineprinters.se\/blogg\/wp-content\/uploads\/2018\/06\/7-pop-up-tower_Template-2.jpg 768w, https:\/\/www.onlineprinters.se\/blogg\/wp-content\/uploads\/2018\/06\/7-pop-up-tower_Template-2.jpg 696w, https:\/\/www.onlineprinters.se\/blogg\/wp-content\/uploads\/2018\/06\/7-pop-up-tower_Template-2.jpg 1068w, https:\/\/www.onlineprinters.se\/blogg\/wp-content\/uploads\/2018\/06\/7-pop-up-tower_Template-2.jpg 747w, https:\/\/www.onlineprinters.se\/blogg\/wp-content\/uploads\/2018\/06\/7-pop-up-tower_Template-2.jpg 1280w\" sizes=\"auto, (max-width: 1280px) 100vw, 1280px\" \/><\/a><\/p>\n<p><span lang=\"SV\">Vi \u00f6ppnar denna f\u00f6rlaga i InDesign och utformningsprocessen kan b\u00f6rja. Som ett hj\u00e4lpmedel \u00e4r snittlinjerna markerade med hj\u00e4lplinjer, \u00f6vriga hj\u00e4lplinjer till h\u00f6ger och v\u00e4nster markerar ett s\u00e4kerhetsavst\u00e5nd. Det rekommenderas d\u00e4rf\u00f6r att placera all viktig information, som text och logotypen, med n\u00e5got avst\u00e5nd fr\u00e5n alla snittkanter.<\/span><\/p>\n<h3><span lang=\"SV\">Steg 2: Utforma yta<\/span><\/h3>\n<p><a href=\"https:\/\/www.onlineprinters.se\/blogg\/wp-content\/uploads\/2018\/06\/8-pop-up-tower_Design-area.jpg\"><img loading=\"lazy\" decoding=\"async\" class=\"td-modal-image alignnone wp-image-11072 size-full\" src=\"https:\/\/www.onlineprinters.se\/blogg\/wp-content\/uploads\/2018\/06\/8-pop-up-tower_Design-area.jpg\" alt=\"Sk\u00e4rmdump av Adobe InDesign som visar ett svart dokument med tv\u00e5 vertikala bl\u00e5 st\u00f6dlinjer som delar upp sidan i tre lika stora delar. Arbetsytan och verktygspanelerna \u00e4r synliga runt dokumentet.\" width=\"1280\" height=\"720\" srcset=\"https:\/\/www.onlineprinters.se\/blogg\/wp-content\/uploads\/2018\/06\/8-pop-up-tower_Design-area.jpg 300w, https:\/\/www.onlineprinters.se\/blogg\/wp-content\/uploads\/2018\/06\/8-pop-up-tower_Design-area.jpg 1024w, https:\/\/www.onlineprinters.se\/blogg\/wp-content\/uploads\/2018\/06\/8-pop-up-tower_Design-area.jpg 768w, https:\/\/www.onlineprinters.se\/blogg\/wp-content\/uploads\/2018\/06\/8-pop-up-tower_Design-area.jpg 696w, https:\/\/www.onlineprinters.se\/blogg\/wp-content\/uploads\/2018\/06\/8-pop-up-tower_Design-area.jpg 1068w, https:\/\/www.onlineprinters.se\/blogg\/wp-content\/uploads\/2018\/06\/8-pop-up-tower_Design-area.jpg 747w, https:\/\/www.onlineprinters.se\/blogg\/wp-content\/uploads\/2018\/06\/8-pop-up-tower_Design-area.jpg 1280w\" sizes=\"auto, (max-width: 1280px) 100vw, 1280px\" \/><\/a><\/p>\n<p><span lang=\"SV\">Vi fyller nu v\u00e5r utformningsyta helt med en svart bakgrund. Detta ligger till grund f\u00f6r v\u00e5r minimala design.<\/span><\/p>\n<p><a href=\"https:\/\/www.onlineprinters.se\/blogg\/wp-content\/uploads\/2018\/06\/9-pop-up-tower_Company-logo.jpg\"><img loading=\"lazy\" decoding=\"async\" class=\"td-modal-image alignnone wp-image-11073 size-full\" src=\"https:\/\/www.onlineprinters.se\/blogg\/wp-content\/uploads\/2018\/06\/9-pop-up-tower_Company-logo.jpg\" alt=\"En digital design i Adobe InDesign inneh\u00e5ller frasen Work Hard Dream Big i fet orange och bl\u00e5 text p\u00e5 en svart bakgrund, med bl\u00e5 guidelinjer och Onlinetemplates.net-logotypen l\u00e4ngst ner.\" width=\"1280\" height=\"720\" srcset=\"https:\/\/www.onlineprinters.se\/blogg\/wp-content\/uploads\/2018\/06\/9-pop-up-tower_Company-logo.jpg 300w, https:\/\/www.onlineprinters.se\/blogg\/wp-content\/uploads\/2018\/06\/9-pop-up-tower_Company-logo.jpg 1024w, https:\/\/www.onlineprinters.se\/blogg\/wp-content\/uploads\/2018\/06\/9-pop-up-tower_Company-logo.jpg 768w, https:\/\/www.onlineprinters.se\/blogg\/wp-content\/uploads\/2018\/06\/9-pop-up-tower_Company-logo.jpg 696w, https:\/\/www.onlineprinters.se\/blogg\/wp-content\/uploads\/2018\/06\/9-pop-up-tower_Company-logo.jpg 1068w, https:\/\/www.onlineprinters.se\/blogg\/wp-content\/uploads\/2018\/06\/9-pop-up-tower_Company-logo.jpg 747w, https:\/\/www.onlineprinters.se\/blogg\/wp-content\/uploads\/2018\/06\/9-pop-up-tower_Company-logo.jpg 1280w\" sizes=\"auto, (max-width: 1280px) 100vw, 1280px\" \/><\/a><\/p>\n<p><span lang=\"SV\">N\u00e4sta element \u00e4r v\u00e5r f\u00f6retagslogotyp, som vi placerar i den nedre tredjedelen av mitten p\u00e5 tryckbanan. Detta kombinerar vi med mottot f\u00f6r v\u00e5r kampanj: LET\u2019S WORK HARD AND DREAM BIG! Designen av detta kampanjmotto \u00e4r en kombination av ett Helvetica-typsnitt och en trendig Brush-font. Hela designen \u00e4r f\u00e4rgstarkt baserad p\u00e5 Onlineprinters f\u00f6retagsdesign av svart och orange.<\/span><\/p>\n<p><a href=\"https:\/\/www.onlineprinters.se\/blogg\/wp-content\/uploads\/2018\/06\/10-pop-up-tower_Design.jpg\"><img loading=\"lazy\" decoding=\"async\" class=\"td-modal-image alignnone wp-image-11074 size-full\" src=\"https:\/\/www.onlineprinters.se\/blogg\/wp-content\/uploads\/2018\/06\/10-pop-up-tower_Design.jpg\" alt=\"Sk\u00e4rmdump av ett designprogram som visar en svart affisch med texten: Lets Work Hard and Dream Big med feta orange och vita bokst\u00e4ver och en liten &quot;onlineprinters&quot;-logotyp l\u00e4ngst ner i mitten.\" width=\"1280\" height=\"720\" srcset=\"https:\/\/www.onlineprinters.se\/blogg\/wp-content\/uploads\/2018\/06\/10-pop-up-tower_Design.jpg 300w, https:\/\/www.onlineprinters.se\/blogg\/wp-content\/uploads\/2018\/06\/10-pop-up-tower_Design.jpg 1024w, https:\/\/www.onlineprinters.se\/blogg\/wp-content\/uploads\/2018\/06\/10-pop-up-tower_Design.jpg 768w, https:\/\/www.onlineprinters.se\/blogg\/wp-content\/uploads\/2018\/06\/10-pop-up-tower_Design.jpg 696w, https:\/\/www.onlineprinters.se\/blogg\/wp-content\/uploads\/2018\/06\/10-pop-up-tower_Design.jpg 1068w, https:\/\/www.onlineprinters.se\/blogg\/wp-content\/uploads\/2018\/06\/10-pop-up-tower_Design.jpg 747w, https:\/\/www.onlineprinters.se\/blogg\/wp-content\/uploads\/2018\/06\/10-pop-up-tower_Design.jpg 1280w\" sizes=\"auto, (max-width: 1280px) 100vw, 1280px\" \/><\/a><\/p>\n<p><span lang=\"SV\">Resultatet \u00e4r en mycket enkel Pop-up-Tower-design som g\u00f6r att v\u00e5rt kampanjmotto kan utvecklas fullt ut.<\/span><\/p>\n<h3><span lang=\"SV\">Steg 3: Exportera tryckdata som PDF<\/span><\/h3>\n<p><span lang=\"SV\">Tack vare v\u00e5r f\u00f6rlaga \u00e4r export av v\u00e5r PDF-fil en barnlek. Med\u00a0<\/span><span class=\"shortcut\" lang=\"SV\">Ctrl<\/span><span lang=\"SV\">\u00a0+\u00a0<\/span><span class=\"shortcut\" lang=\"SV\">E<\/span><span lang=\"SV\">\u00a0\u00f6ppnar vi Export-dialogen och klickar p\u00e5\u00a0<\/span><span class=\"guideline\" lang=\"SV\">Export<\/span><span lang=\"SV\">. Alla n\u00f6dv\u00e4ndiga exportinst\u00e4llningar \u00e4r redan sparade i f\u00f6rlagan!<\/span><\/p>\n<p><span lang=\"SV\">Mycket n\u00f6je vid utformning av denna gigantiska annonspelare!<\/span><\/p>\n<h2><span lang=\"SV\">Och s\u00e5 byggs Pop-up-Tower upp:<\/span><\/h2>\n<div style=\"width: 100%; height: 0; padding-bottom: 100%; position: relative;\"><iframe loading=\"lazy\" class=\"giphy-embed\" style=\"position: absolute;\" src=\"https:\/\/giphy.com\/embed\/3oKIPsfqEBNsklvqdq\" width=\"100%\" height=\"100%\" frameborder=\"0\" allowfullscreen=\"allowfullscreen\"><\/iframe><\/div>\n<p><a href=\"https:\/\/giphy.com\/gifs\/messesystem-messesysteme-pop-up-tower-3oKIPsfqEBNsklvqdq\">via GIPHY<\/a><\/p>\n<div class=\"custom-background-grey\">\n<h3>Credits:<\/h3>\n<p><span lang=\"SV\" style=\"font-size: 10pt;\">Mediaformgivaren Christoph Ullrich utformar.<\/span><\/p>\n<\/div>\n","protected":false},"excerpt":{"rendered":"<p>M\u00e4ssv\u00e4ggar, rollups, banderoller \u2013 det \u00e4r klassiker bland m\u00e4ssystem. Som ett 360\u00b0 medium och runtom m\u00e4ssystem erbjuder s\u00e5 kallade &#8221;pop-up tower&#8221; en v\u00e4lkommen omv\u00e4xling. Vad denna 2 m h\u00f6ga annonspelare handlar om och vad som m\u00e5ste beaktas vid utformningen av detta m\u00e4ssystem, f\u00f6rklarar vi i denna Tutorial.<\/p>\n","protected":false},"author":39,"featured_media":11065,"comment_status":"open","ping_status":"open","sticky":false,"template":"","format":"standard","meta":{"footnotes":""},"categories":[7,5],"tags":[],"class_list":["post-7319","post","type-post","status-publish","format-standard","has-post-thumbnail","hentry","category-marknadsfoering-och-insikter","category-tutorials"],"yoast_head":"<!-- This site is optimized with the Yoast SEO plugin v27.5 - https:\/\/yoast.com\/product\/yoast-seo-wordpress\/ -->\n<title>InDesign-Tutorial: Design av ett Pop-up-Tower - utforma reklampelare<\/title>\n<meta name=\"description\" content=\"M\u00e4ssv\u00e4ggar, rollups, banderoller \u2013 det \u00e4r klassiska m\u00e4ssystem. En v\u00e4lkommen f\u00f6r\u00e4ndring \u00e4r den s\u00e5 kallade &quot;pop-up tower&quot;, en 2 m h\u00f6g reklampelare.\" \/>\n<meta name=\"robots\" content=\"index, follow, max-snippet:-1, max-image-preview:large, max-video-preview:-1\" \/>\n<link rel=\"canonical\" href=\"https:\/\/www.onlineprinters.se\/blogg\/pop-up-tower-reklampelare\/\" \/>\n<meta property=\"og:locale\" content=\"sv_SE\" \/>\n<meta property=\"og:type\" content=\"article\" \/>\n<meta property=\"og:title\" content=\"Pop-up-tower: En reklampelare f\u00f6r 360\u00b0-kommunikation\" \/>\n<meta property=\"og:description\" content=\"M\u00e4ssv\u00e4ggar, rollups, banderoller \u2013 det \u00e4r klassiska m\u00e4ssystem. En v\u00e4lkommen f\u00f6r\u00e4ndring \u00e4r den s\u00e5 kallade &quot;pop-up tower&quot;, en 2 m h\u00f6g reklampelare.\" \/>\n<meta property=\"og:url\" content=\"https:\/\/www.onlineprinters.se\/blogg\/pop-up-tower-reklampelare\/\" \/>\n<meta property=\"og:site_name\" content=\"onlineprinters.se Blogg\" \/>\n<meta property=\"article:published_time\" content=\"2019-01-02T09:00:55+00:00\" \/>\n<meta property=\"article:modified_time\" content=\"2025-04-28T12:26:08+00:00\" \/>\n<meta property=\"og:image\" content=\"https:\/\/www.onlineprinters.se\/blogg\/wp-content\/uploads\/2018\/06\/1-pop-up-tower.jpg\" \/>\n\t<meta property=\"og:image:width\" content=\"1280\" \/>\n\t<meta property=\"og:image:height\" content=\"720\" \/>\n\t<meta property=\"og:image:type\" content=\"image\/jpeg\" \/>\n<meta name=\"author\" content=\"Anja\" \/>\n<meta name=\"twitter:card\" content=\"summary_large_image\" \/>\n<meta name=\"twitter:title\" content=\"Pop-up-tower: En reklampelare f\u00f6r 360\u00b0-kommunikation\" \/>\n<meta name=\"twitter:label1\" content=\"Skriven av\" \/>\n\t<meta name=\"twitter:data1\" content=\"Anja\" \/>\n\t<meta name=\"twitter:label2\" content=\"Ber\u00e4knad l\u00e4stid\" \/>\n\t<meta name=\"twitter:data2\" content=\"3 minuter\" \/>\n<script type=\"application\/ld+json\" class=\"yoast-schema-graph\">{\"@context\":\"https:\\\/\\\/schema.org\",\"@graph\":[{\"@type\":\"Article\",\"@id\":\"https:\\\/\\\/www.onlineprinters.se\\\/blogg\\\/pop-up-tower-reklampelare\\\/#article\",\"isPartOf\":{\"@id\":\"https:\\\/\\\/www.onlineprinters.se\\\/blogg\\\/pop-up-tower-reklampelare\\\/\"},\"author\":{\"name\":\"Anja\",\"@id\":\"https:\\\/\\\/www.onlineprinters.se\\\/blogg\\\/#\\\/schema\\\/person\\\/45300fa80141df03ebbfd029c34ddff6\"},\"headline\":\"Pop-up-tower: En reklampelare f\u00f6r 360\u00b0-kommunikation\",\"datePublished\":\"2019-01-02T09:00:55+00:00\",\"dateModified\":\"2025-04-28T12:26:08+00:00\",\"mainEntityOfPage\":{\"@id\":\"https:\\\/\\\/www.onlineprinters.se\\\/blogg\\\/pop-up-tower-reklampelare\\\/\"},\"wordCount\":697,\"commentCount\":0,\"image\":{\"@id\":\"https:\\\/\\\/www.onlineprinters.se\\\/blogg\\\/pop-up-tower-reklampelare\\\/#primaryimage\"},\"thumbnailUrl\":\"https:\\\/\\\/www.onlineprinters.se\\\/blogg\\\/wp-content\\\/uploads\\\/2018\\\/06\\\/1-pop-up-tower.jpg\",\"articleSection\":[\"Marknadsfoering &amp; Insikter\",\"Tutorials\"],\"inLanguage\":\"sv-SE\",\"potentialAction\":[{\"@type\":\"CommentAction\",\"name\":\"Comment\",\"target\":[\"https:\\\/\\\/www.onlineprinters.se\\\/blogg\\\/pop-up-tower-reklampelare\\\/#respond\"]}]},{\"@type\":\"WebPage\",\"@id\":\"https:\\\/\\\/www.onlineprinters.se\\\/blogg\\\/pop-up-tower-reklampelare\\\/\",\"url\":\"https:\\\/\\\/www.onlineprinters.se\\\/blogg\\\/pop-up-tower-reklampelare\\\/\",\"name\":\"InDesign-Tutorial: Design av ett Pop-up-Tower - utforma reklampelare\",\"isPartOf\":{\"@id\":\"https:\\\/\\\/www.onlineprinters.se\\\/blogg\\\/#website\"},\"primaryImageOfPage\":{\"@id\":\"https:\\\/\\\/www.onlineprinters.se\\\/blogg\\\/pop-up-tower-reklampelare\\\/#primaryimage\"},\"image\":{\"@id\":\"https:\\\/\\\/www.onlineprinters.se\\\/blogg\\\/pop-up-tower-reklampelare\\\/#primaryimage\"},\"thumbnailUrl\":\"https:\\\/\\\/www.onlineprinters.se\\\/blogg\\\/wp-content\\\/uploads\\\/2018\\\/06\\\/1-pop-up-tower.jpg\",\"datePublished\":\"2019-01-02T09:00:55+00:00\",\"dateModified\":\"2025-04-28T12:26:08+00:00\",\"author\":{\"@id\":\"https:\\\/\\\/www.onlineprinters.se\\\/blogg\\\/#\\\/schema\\\/person\\\/45300fa80141df03ebbfd029c34ddff6\"},\"description\":\"M\u00e4ssv\u00e4ggar, rollups, banderoller \u2013 det \u00e4r klassiska m\u00e4ssystem. En v\u00e4lkommen f\u00f6r\u00e4ndring \u00e4r den s\u00e5 kallade \\\"pop-up tower\\\", en 2 m h\u00f6g reklampelare.\",\"inLanguage\":\"sv-SE\",\"potentialAction\":[{\"@type\":\"ReadAction\",\"target\":[\"https:\\\/\\\/www.onlineprinters.se\\\/blogg\\\/pop-up-tower-reklampelare\\\/\"]}]},{\"@type\":\"ImageObject\",\"inLanguage\":\"sv-SE\",\"@id\":\"https:\\\/\\\/www.onlineprinters.se\\\/blogg\\\/pop-up-tower-reklampelare\\\/#primaryimage\",\"url\":\"https:\\\/\\\/www.onlineprinters.se\\\/blogg\\\/wp-content\\\/uploads\\\/2018\\\/06\\\/1-pop-up-tower.jpg\",\"contentUrl\":\"https:\\\/\\\/www.onlineprinters.se\\\/blogg\\\/wp-content\\\/uploads\\\/2018\\\/06\\\/1-pop-up-tower.jpg\",\"width\":1280,\"height\":720},{\"@type\":\"WebSite\",\"@id\":\"https:\\\/\\\/www.onlineprinters.se\\\/blogg\\\/#website\",\"url\":\"https:\\\/\\\/www.onlineprinters.se\\\/blogg\\\/\",\"name\":\"onlineprinters.se Blogg\",\"description\":\"\",\"potentialAction\":[{\"@type\":\"SearchAction\",\"target\":{\"@type\":\"EntryPoint\",\"urlTemplate\":\"https:\\\/\\\/www.onlineprinters.se\\\/blogg\\\/?s={search_term_string}\"},\"query-input\":{\"@type\":\"PropertyValueSpecification\",\"valueRequired\":true,\"valueName\":\"search_term_string\"}}],\"inLanguage\":\"sv-SE\"},{\"@type\":\"Person\",\"@id\":\"https:\\\/\\\/www.onlineprinters.se\\\/blogg\\\/#\\\/schema\\\/person\\\/45300fa80141df03ebbfd029c34ddff6\",\"name\":\"Anja\",\"image\":{\"@type\":\"ImageObject\",\"inLanguage\":\"sv-SE\",\"@id\":\"https:\\\/\\\/www.onlineprinters.se\\\/blogg\\\/wp-content\\\/plugins\\\/wp-user-avatar\\\/deprecated\\\/wp-user-avatar\\\/images\\\/wpua-96x96.png\",\"url\":\"https:\\\/\\\/www.onlineprinters.se\\\/blogg\\\/wp-content\\\/plugins\\\/wp-user-avatar\\\/deprecated\\\/wp-user-avatar\\\/images\\\/wpua-96x96.png\",\"contentUrl\":\"https:\\\/\\\/www.onlineprinters.se\\\/blogg\\\/wp-content\\\/plugins\\\/wp-user-avatar\\\/deprecated\\\/wp-user-avatar\\\/images\\\/wpua-96x96.png\",\"caption\":\"Anja\"},\"url\":\"https:\\\/\\\/www.onlineprinters.se\\\/blogg\\\/author\\\/anja\\\/\"}]}<\/script>\n<!-- \/ Yoast SEO plugin. -->","yoast_head_json":{"title":"InDesign-Tutorial: Design av ett Pop-up-Tower - utforma reklampelare","description":"M\u00e4ssv\u00e4ggar, rollups, banderoller \u2013 det \u00e4r klassiska m\u00e4ssystem. En v\u00e4lkommen f\u00f6r\u00e4ndring \u00e4r den s\u00e5 kallade \"pop-up tower\", en 2 m h\u00f6g reklampelare.","robots":{"index":"index","follow":"follow","max-snippet":"max-snippet:-1","max-image-preview":"max-image-preview:large","max-video-preview":"max-video-preview:-1"},"canonical":"https:\/\/www.onlineprinters.se\/blogg\/pop-up-tower-reklampelare\/","og_locale":"sv_SE","og_type":"article","og_title":"Pop-up-tower: En reklampelare f\u00f6r 360\u00b0-kommunikation","og_description":"M\u00e4ssv\u00e4ggar, rollups, banderoller \u2013 det \u00e4r klassiska m\u00e4ssystem. En v\u00e4lkommen f\u00f6r\u00e4ndring \u00e4r den s\u00e5 kallade \"pop-up tower\", en 2 m h\u00f6g reklampelare.","og_url":"https:\/\/www.onlineprinters.se\/blogg\/pop-up-tower-reklampelare\/","og_site_name":"onlineprinters.se Blogg","article_published_time":"2019-01-02T09:00:55+00:00","article_modified_time":"2025-04-28T12:26:08+00:00","og_image":[{"width":1280,"height":720,"url":"https:\/\/www.onlineprinters.se\/blogg\/wp-content\/uploads\/2018\/06\/1-pop-up-tower.jpg","type":"image\/jpeg"}],"author":"Anja","twitter_card":"summary_large_image","twitter_title":"Pop-up-tower: En reklampelare f\u00f6r 360\u00b0-kommunikation","twitter_misc":{"Skriven av":"Anja","Ber\u00e4knad l\u00e4stid":"3 minuter"},"schema":{"@context":"https:\/\/schema.org","@graph":[{"@type":"Article","@id":"https:\/\/www.onlineprinters.se\/blogg\/pop-up-tower-reklampelare\/#article","isPartOf":{"@id":"https:\/\/www.onlineprinters.se\/blogg\/pop-up-tower-reklampelare\/"},"author":{"name":"Anja","@id":"https:\/\/www.onlineprinters.se\/blogg\/#\/schema\/person\/45300fa80141df03ebbfd029c34ddff6"},"headline":"Pop-up-tower: En reklampelare f\u00f6r 360\u00b0-kommunikation","datePublished":"2019-01-02T09:00:55+00:00","dateModified":"2025-04-28T12:26:08+00:00","mainEntityOfPage":{"@id":"https:\/\/www.onlineprinters.se\/blogg\/pop-up-tower-reklampelare\/"},"wordCount":697,"commentCount":0,"image":{"@id":"https:\/\/www.onlineprinters.se\/blogg\/pop-up-tower-reklampelare\/#primaryimage"},"thumbnailUrl":"https:\/\/www.onlineprinters.se\/blogg\/wp-content\/uploads\/2018\/06\/1-pop-up-tower.jpg","articleSection":["Marknadsfoering &amp; Insikter","Tutorials"],"inLanguage":"sv-SE","potentialAction":[{"@type":"CommentAction","name":"Comment","target":["https:\/\/www.onlineprinters.se\/blogg\/pop-up-tower-reklampelare\/#respond"]}]},{"@type":"WebPage","@id":"https:\/\/www.onlineprinters.se\/blogg\/pop-up-tower-reklampelare\/","url":"https:\/\/www.onlineprinters.se\/blogg\/pop-up-tower-reklampelare\/","name":"InDesign-Tutorial: Design av ett Pop-up-Tower - utforma reklampelare","isPartOf":{"@id":"https:\/\/www.onlineprinters.se\/blogg\/#website"},"primaryImageOfPage":{"@id":"https:\/\/www.onlineprinters.se\/blogg\/pop-up-tower-reklampelare\/#primaryimage"},"image":{"@id":"https:\/\/www.onlineprinters.se\/blogg\/pop-up-tower-reklampelare\/#primaryimage"},"thumbnailUrl":"https:\/\/www.onlineprinters.se\/blogg\/wp-content\/uploads\/2018\/06\/1-pop-up-tower.jpg","datePublished":"2019-01-02T09:00:55+00:00","dateModified":"2025-04-28T12:26:08+00:00","author":{"@id":"https:\/\/www.onlineprinters.se\/blogg\/#\/schema\/person\/45300fa80141df03ebbfd029c34ddff6"},"description":"M\u00e4ssv\u00e4ggar, rollups, banderoller \u2013 det \u00e4r klassiska m\u00e4ssystem. En v\u00e4lkommen f\u00f6r\u00e4ndring \u00e4r den s\u00e5 kallade \"pop-up tower\", en 2 m h\u00f6g reklampelare.","inLanguage":"sv-SE","potentialAction":[{"@type":"ReadAction","target":["https:\/\/www.onlineprinters.se\/blogg\/pop-up-tower-reklampelare\/"]}]},{"@type":"ImageObject","inLanguage":"sv-SE","@id":"https:\/\/www.onlineprinters.se\/blogg\/pop-up-tower-reklampelare\/#primaryimage","url":"https:\/\/www.onlineprinters.se\/blogg\/wp-content\/uploads\/2018\/06\/1-pop-up-tower.jpg","contentUrl":"https:\/\/www.onlineprinters.se\/blogg\/wp-content\/uploads\/2018\/06\/1-pop-up-tower.jpg","width":1280,"height":720},{"@type":"WebSite","@id":"https:\/\/www.onlineprinters.se\/blogg\/#website","url":"https:\/\/www.onlineprinters.se\/blogg\/","name":"onlineprinters.se Blogg","description":"","potentialAction":[{"@type":"SearchAction","target":{"@type":"EntryPoint","urlTemplate":"https:\/\/www.onlineprinters.se\/blogg\/?s={search_term_string}"},"query-input":{"@type":"PropertyValueSpecification","valueRequired":true,"valueName":"search_term_string"}}],"inLanguage":"sv-SE"},{"@type":"Person","@id":"https:\/\/www.onlineprinters.se\/blogg\/#\/schema\/person\/45300fa80141df03ebbfd029c34ddff6","name":"Anja","image":{"@type":"ImageObject","inLanguage":"sv-SE","@id":"https:\/\/www.onlineprinters.se\/blogg\/wp-content\/plugins\/wp-user-avatar\/deprecated\/wp-user-avatar\/images\/wpua-96x96.png","url":"https:\/\/www.onlineprinters.se\/blogg\/wp-content\/plugins\/wp-user-avatar\/deprecated\/wp-user-avatar\/images\/wpua-96x96.png","contentUrl":"https:\/\/www.onlineprinters.se\/blogg\/wp-content\/plugins\/wp-user-avatar\/deprecated\/wp-user-avatar\/images\/wpua-96x96.png","caption":"Anja"},"url":"https:\/\/www.onlineprinters.se\/blogg\/author\/anja\/"}]}},"_links":{"self":[{"href":"https:\/\/www.onlineprinters.se\/blogg\/wp-json\/wp\/v2\/posts\/7319","targetHints":{"allow":["GET"]}}],"collection":[{"href":"https:\/\/www.onlineprinters.se\/blogg\/wp-json\/wp\/v2\/posts"}],"about":[{"href":"https:\/\/www.onlineprinters.se\/blogg\/wp-json\/wp\/v2\/types\/post"}],"author":[{"embeddable":true,"href":"https:\/\/www.onlineprinters.se\/blogg\/wp-json\/wp\/v2\/users\/39"}],"replies":[{"embeddable":true,"href":"https:\/\/www.onlineprinters.se\/blogg\/wp-json\/wp\/v2\/comments?post=7319"}],"version-history":[{"count":7,"href":"https:\/\/www.onlineprinters.se\/blogg\/wp-json\/wp\/v2\/posts\/7319\/revisions"}],"predecessor-version":[{"id":40552,"href":"https:\/\/www.onlineprinters.se\/blogg\/wp-json\/wp\/v2\/posts\/7319\/revisions\/40552"}],"wp:featuredmedia":[{"embeddable":true,"href":"https:\/\/www.onlineprinters.se\/blogg\/wp-json\/wp\/v2\/media\/11065"}],"wp:attachment":[{"href":"https:\/\/www.onlineprinters.se\/blogg\/wp-json\/wp\/v2\/media?parent=7319"}],"wp:term":[{"taxonomy":"category","embeddable":true,"href":"https:\/\/www.onlineprinters.se\/blogg\/wp-json\/wp\/v2\/categories?post=7319"},{"taxonomy":"post_tag","embeddable":true,"href":"https:\/\/www.onlineprinters.se\/blogg\/wp-json\/wp\/v2\/tags?post=7319"}],"curies":[{"name":"wp","href":"https:\/\/api.w.org\/{rel}","templated":true}]}}